{"id":987,"date":"2023-04-06T07:59:01","date_gmt":"2023-04-06T07:59:01","guid":{"rendered":"http:\/\/laczna2.opslaczna.pl\/?p=987"},"modified":"2023-04-06T08:00:18","modified_gmt":"2023-04-06T08:00:18","slug":"informacja-10","status":"publish","type":"post","link":"https:\/\/opslaczna.pl\/?p=987","title":{"rendered":"INFORMACJA"},"content":{"rendered":"\t\t<div data-elementor-type=\"wp-post\" data-elementor-id=\"987\" class=\"elementor elementor-987\">\n\t\t\t\t\t\t<section class=\"elementor-section elementor-top-section elementor-element elementor-element-a3ef0e9 elementor-section-boxed elementor-section-height-default elementor-section-height-default\" data-id=\"a3ef0e9\" data-element_type=\"section\">\n\t\t\t\t\t\t<div class=\"elementor-container elementor-column-gap-default\">\n\t\t\t\t\t<div class=\"elementor-column elementor-col-100 elementor-top-column elementor-element elementor-element-c96df2d\" data-id=\"c96df2d\" data-element_type=\"column\">\n\t\t\t<div class=\"elementor-widget-wrap elementor-element-populated\">\n\t\t\t\t\t\t<div class=\"elementor-element elementor-element-5564133 elementor-widget elementor-widget-text-editor\" data-id=\"5564133\" data-element_type=\"widget\" data-widget_type=\"text-editor.default\">\n\t\t\t\t<div class=\"elementor-widget-container\">\n\t\t\t\t\t\t\t\t\t<p style=\"text-align: center;\"><span style=\"color: #ff0000;\"><strong>INFORMACJA<\/strong><\/span><\/p><p style=\"text-align: center;\">Gminny O\u015brodek Pomocy Spo\u0142ecznej\u00a0 w \u0141\u0105cznej informuje,<\/p><p style=\"text-align: center;\">i\u017c w dniu <strong><u>07.04.2023r. (Wielki Pi\u0105tek)<\/u><\/strong><\/p><p style=\"text-align: center;\"><strong><u>czynny jest do godziny 12.00.<\/u><\/strong><\/p><p style=\"text-align: center;\">\u00a0\u00a0\u00a0\u00a0\u00a0\u00a0\u00a0\u00a0\u00a0\u00a0\u00a0\u00a0\u00a0 Za utrudnienia przepraszamy.<\/p>\t\t\t\t\t\t\t\t<\/div>\n\t\t\t\t<\/div>\n\t\t\t\t\t<\/div>\n\t\t<\/div>\n\t\t\t\t\t<\/div>\n\t\t<\/section>\n\t\t\t\t<\/div>\n\t\t","protected":false},"excerpt":{"rendered":"<p>INFORMACJA Gminny O\u015brodek Pomocy Spo\u0142ecznej\u00a0 w \u0141\u0105cznej informuje, i\u017c w dniu 07.04.2023r. (Wielki Pi\u0105tek) czynny jest do godziny 12.00. \u00a0\u00a0\u00a0\u00a0\u00a0\u00a0\u00a0\u00a0\u00a0\u00a0\u00a0\u00a0\u00a0 Za utrudnienia przepraszamy.<\/p>\n","protected":false},"author":2,"featured_media":0,"comment_status":"closed","ping_status":"","sticky":false,"template":"","format":"standard","meta":{"footnotes":""},"categories":[2],"tags":[],"class_list":["post-987","post","type-post","status-publish","format-standard","hentry","category-aktualnosci"],"_links":{"self":[{"href":"https:\/\/opslaczna.pl\/index.php?rest_route=\/wp\/v2\/posts\/987","targetHints":{"allow":["GET"]}}],"collection":[{"href":"https:\/\/opslaczna.pl\/index.php?rest_route=\/wp\/v2\/posts"}],"about":[{"href":"https:\/\/opslaczna.pl\/index.php?rest_route=\/wp\/v2\/types\/post"}],"author":[{"embeddable":true,"href":"https:\/\/opslaczna.pl\/index.php?rest_route=\/wp\/v2\/users\/2"}],"replies":[{"embeddable":true,"href":"https:\/\/opslaczna.pl\/index.php?rest_route=%2Fwp%2Fv2%2Fcomments&post=987"}],"version-history":[{"count":4,"href":"https:\/\/opslaczna.pl\/index.php?rest_route=\/wp\/v2\/posts\/987\/revisions"}],"predecessor-version":[{"id":991,"href":"https:\/\/opslaczna.pl\/index.php?rest_route=\/wp\/v2\/posts\/987\/revisions\/991"}],"wp:attachment":[{"href":"https:\/\/opslaczna.pl\/index.php?rest_route=%2Fwp%2Fv2%2Fmedia&parent=987"}],"wp:term":[{"taxonomy":"category","embeddable":true,"href":"https:\/\/opslaczna.pl\/index.php?rest_route=%2Fwp%2Fv2%2Fcategories&post=987"},{"taxonomy":"post_tag","embeddable":true,"href":"https:\/\/opslaczna.pl\/index.php?rest_route=%2Fwp%2Fv2%2Ftags&post=987"}],"curies":[{"name":"wp","href":"https:\/\/api.w.org\/{rel}","templated":true}]}}