{"id":982,"date":"2023-04-05T07:00:18","date_gmt":"2023-04-05T07:00:18","guid":{"rendered":"http:\/\/laczna2.opslaczna.pl\/?p=982"},"modified":"2023-04-05T07:01:15","modified_gmt":"2023-04-05T07:01:15","slug":"informacja-9","status":"publish","type":"post","link":"https:\/\/opslaczna.pl\/?p=982","title":{"rendered":"INFORMACJA"},"content":{"rendered":"\t\t<div data-elementor-type=\"wp-post\" data-elementor-id=\"982\" class=\"elementor elementor-982\">\n\t\t\t\t\t\t<section class=\"elementor-section elementor-top-section elementor-element elementor-element-728c220 elementor-section-boxed elementor-section-height-default elementor-section-height-default\" data-id=\"728c220\" data-element_type=\"section\">\n\t\t\t\t\t\t<div class=\"elementor-container elementor-column-gap-default\">\n\t\t\t\t\t<div class=\"elementor-column elementor-col-100 elementor-top-column elementor-element elementor-element-c2a9256\" data-id=\"c2a9256\" data-element_type=\"column\">\n\t\t\t<div class=\"elementor-widget-wrap elementor-element-populated\">\n\t\t\t\t\t\t<div class=\"elementor-element elementor-element-5446dd5 elementor-widget elementor-widget-text-editor\" data-id=\"5446dd5\" data-element_type=\"widget\" data-widget_type=\"text-editor.default\">\n\t\t\t\t<div class=\"elementor-widget-container\">\n\t\t\t\t\t\t\t\t\t<p style=\"text-align: center;\"><span style=\"color: #ff0000;\"><strong>INFORMACJA DLA MIESZKA\u0143C\u00d3W<\/strong><\/span><\/p><p style=\"text-align: center;\">Gminny O\u015brodek Pomocy Spo\u0142ecznej w \u0141\u0105cznej informuje mieszka\u0144c\u00f3w gminy \u0141\u0105czna, \u017ce od dnia:<\/p><p style=\"text-align: center;\">\u00a0<strong><u>17 kwietnia 2023 roku<\/u><\/strong><\/p><p style=\"text-align: center;\">zostaje uruchomiony <strong><u>Punkt Przyj\u0119\u0107 Interesant\u00f3w<\/u> <\/strong>prowadzony przez dzielnicowych Komisariatu Policji w Suchedniowie.<\/p><p style=\"text-align: center;\">Punkt dzia\u0142a\u0107 b\u0119dzie:<\/p><p style=\"text-align: center;\">\u00a0<strong><u>w ka\u017cdy poniedzia\u0142ek, w godz. 13.00-14.00<\/u><\/strong><\/p><p style=\"text-align: center;\"><strong><u>w siedzibie GOPS w \u0141\u0105cznej, Kamionki 60<\/u><\/strong><\/p><p style=\"text-align: center;\">Osoby zainteresowane b\u0119d\u0105 mog\u0142y skorzysta\u0107 z konsultacji dzielnicowych.<\/p>\t\t\t\t\t\t\t\t<\/div>\n\t\t\t\t<\/div>\n\t\t\t\t\t<\/div>\n\t\t<\/div>\n\t\t\t\t\t<\/div>\n\t\t<\/section>\n\t\t\t\t<\/div>\n\t\t","protected":false},"excerpt":{"rendered":"<p>INFORMACJA DLA MIESZKA\u0143C\u00d3W Gminny O\u015brodek Pomocy Spo\u0142ecznej w \u0141\u0105cznej informuje mieszka\u0144c\u00f3w gminy \u0141\u0105czna, \u017ce od dnia: \u00a017 kwietnia 2023 roku zostaje uruchomiony Punkt Przyj\u0119\u0107 Interesant\u00f3w prowadzony przez dzielnicowych Komisariatu Policji w Suchedniowie. Punkt dzia\u0142a\u0107 b\u0119dzie: \u00a0w ka\u017cdy poniedzia\u0142ek, w godz. 13.00-14.00 w siedzibie GOPS w \u0141\u0105cznej, Kamionki 60 Osoby zainteresowane b\u0119d\u0105 mog\u0142y skorzysta\u0107 z konsultacji &hellip; <\/p>\n","protected":false},"author":2,"featured_media":0,"comment_status":"closed","ping_status":"","sticky":false,"template":"","format":"standard","meta":{"footnotes":""},"categories":[2],"tags":[],"class_list":["post-982","post","type-post","status-publish","format-standard","hentry","category-aktualnosci"],"_links":{"self":[{"href":"https:\/\/opslaczna.pl\/index.php?rest_route=\/wp\/v2\/posts\/982","targetHints":{"allow":["GET"]}}],"collection":[{"href":"https:\/\/opslaczna.pl\/index.php?rest_route=\/wp\/v2\/posts"}],"about":[{"href":"https:\/\/opslaczna.pl\/index.php?rest_route=\/wp\/v2\/types\/post"}],"author":[{"embeddable":true,"href":"https:\/\/opslaczna.pl\/index.php?rest_route=\/wp\/v2\/users\/2"}],"replies":[{"embeddable":true,"href":"https:\/\/opslaczna.pl\/index.php?rest_route=%2Fwp%2Fv2%2Fcomments&post=982"}],"version-history":[{"count":4,"href":"https:\/\/opslaczna.pl\/index.php?rest_route=\/wp\/v2\/posts\/982\/revisions"}],"predecessor-version":[{"id":986,"href":"https:\/\/opslaczna.pl\/index.php?rest_route=\/wp\/v2\/posts\/982\/revisions\/986"}],"wp:attachment":[{"href":"https:\/\/opslaczna.pl\/index.php?rest_route=%2Fwp%2Fv2%2Fmedia&parent=982"}],"wp:term":[{"taxonomy":"category","embeddable":true,"href":"https:\/\/opslaczna.pl\/index.php?rest_route=%2Fwp%2Fv2%2Fcategories&post=982"},{"taxonomy":"post_tag","embeddable":true,"href":"https:\/\/opslaczna.pl\/index.php?rest_route=%2Fwp%2Fv2%2Ftags&post=982"}],"curies":[{"name":"wp","href":"https:\/\/api.w.org\/{rel}","templated":true}]}}