{"id":969,"date":"2023-03-24T09:56:47","date_gmt":"2023-03-24T09:56:47","guid":{"rendered":"http:\/\/laczna2.opslaczna.pl\/?p=969"},"modified":"2023-03-24T09:57:24","modified_gmt":"2023-03-24T09:57:24","slug":"ogloszenie-6","status":"publish","type":"post","link":"https:\/\/opslaczna.pl\/?p=969","title":{"rendered":"Og\u0142oszenie"},"content":{"rendered":"\t\t<div data-elementor-type=\"wp-post\" data-elementor-id=\"969\" class=\"elementor elementor-969\">\n\t\t\t\t\t\t<section class=\"elementor-section elementor-top-section elementor-element elementor-element-bf506e0 elementor-section-boxed elementor-section-height-default elementor-section-height-default\" data-id=\"bf506e0\" data-element_type=\"section\">\n\t\t\t\t\t\t<div class=\"elementor-container elementor-column-gap-default\">\n\t\t\t\t\t<div class=\"elementor-column elementor-col-100 elementor-top-column elementor-element elementor-element-e0e365d\" data-id=\"e0e365d\" data-element_type=\"column\">\n\t\t\t<div class=\"elementor-widget-wrap elementor-element-populated\">\n\t\t\t\t\t\t<div class=\"elementor-element elementor-element-20608de elementor-widget elementor-widget-text-editor\" data-id=\"20608de\" data-element_type=\"widget\" data-widget_type=\"text-editor.default\">\n\t\t\t\t<div class=\"elementor-widget-container\">\n\t\t\t\t\t\t\t\t\tW\u00f3jt Gminy \u0141\u0105czna oraz Gminny O\u015brodek Pomocy Spo\u0142ecznej w \u0141\u0105cznej informuje, i\u017c osoby znajduj\u0105ce si\u0119 w trudnej sytuacji finansowej, zainteresowane uzyskaniem pomocy \u017cywno\u015bciowej realizowanej w ramach&nbsp; <u>Programu Operacyjnego Pomoc \u017bywno\u015bciowa 2014-2020 &#8211; Podprogram 2021 PLUS, (obejmuj\u0105cy 6 artyku\u0142\u00f3w spo\u017cywczych)<\/u> mog\u0105 zg\u0142asza\u0107 si\u0119 do siedziby<strong> Gminnego O\u015brodka Pomocy Spo\u0142ecznej w \u0141\u0105cznej (Kamionki 60, tel.: 41 25-48-479),<\/strong> wraz z dokumentami potwierdzaj\u0105cymi dochody z miesi\u0105ca poprzedzaj\u0105cego oraz informacj\u0105 o posiadanym gospodarstwie rolnym, <strong>celem uzyskania skierowania.<\/strong>\n<p><\/p>\n<p><strong>KWOTA KRYTERIUM DOCHODOWEGO W POP\u017b WYNOSI:<\/strong><\/p>\n<ul>\n<li><strong>1707,20 z\u0142 dla osoby samotnie gospodaruj\u0105cej<\/strong><\/li>\n<li><strong>1320,00 z\u0142 na osob\u0119 w rodzinie<\/strong><\/li>\n<\/ul>\n<p><span style=\"color: #ff0000;\"><strong>SKIEROWANIA B\u0118D\u0104 WYDAWANIE <u>OD DNIA 27.03.2023 DO 30.04.2023<\/u><\/strong><\/span><\/p>\t\t\t\t\t\t\t\t<\/div>\n\t\t\t\t<\/div>\n\t\t\t\t\t<\/div>\n\t\t<\/div>\n\t\t\t\t\t<\/div>\n\t\t<\/section>\n\t\t\t\t<\/div>\n\t\t","protected":false},"excerpt":{"rendered":"<p>W\u00f3jt Gminy \u0141\u0105czna oraz Gminny O\u015brodek Pomocy Spo\u0142ecznej w \u0141\u0105cznej informuje, i\u017c osoby znajduj\u0105ce si\u0119 w trudnej sytuacji finansowej, zainteresowane uzyskaniem pomocy \u017cywno\u015bciowej realizowanej w ramach&nbsp; Programu Operacyjnego Pomoc \u017bywno\u015bciowa 2014-2020 &#8211; Podprogram 2021 PLUS, (obejmuj\u0105cy 6 artyku\u0142\u00f3w spo\u017cywczych) mog\u0105 zg\u0142asza\u0107 si\u0119 do siedziby Gminnego O\u015brodka Pomocy Spo\u0142ecznej w \u0141\u0105cznej (Kamionki 60, tel.: 41 25-48-479), &hellip; <\/p>\n","protected":false},"author":2,"featured_media":0,"comment_status":"closed","ping_status":"","sticky":false,"template":"","format":"standard","meta":{"footnotes":""},"categories":[2],"tags":[],"class_list":["post-969","post","type-post","status-publish","format-standard","hentry","category-aktualnosci"],"_links":{"self":[{"href":"https:\/\/opslaczna.pl\/index.php?rest_route=\/wp\/v2\/posts\/969","targetHints":{"allow":["GET"]}}],"collection":[{"href":"https:\/\/opslaczna.pl\/index.php?rest_route=\/wp\/v2\/posts"}],"about":[{"href":"https:\/\/opslaczna.pl\/index.php?rest_route=\/wp\/v2\/types\/post"}],"author":[{"embeddable":true,"href":"https:\/\/opslaczna.pl\/index.php?rest_route=\/wp\/v2\/users\/2"}],"replies":[{"embeddable":true,"href":"https:\/\/opslaczna.pl\/index.php?rest_route=%2Fwp%2Fv2%2Fcomments&post=969"}],"version-history":[{"count":4,"href":"https:\/\/opslaczna.pl\/index.php?rest_route=\/wp\/v2\/posts\/969\/revisions"}],"predecessor-version":[{"id":973,"href":"https:\/\/opslaczna.pl\/index.php?rest_route=\/wp\/v2\/posts\/969\/revisions\/973"}],"wp:attachment":[{"href":"https:\/\/opslaczna.pl\/index.php?rest_route=%2Fwp%2Fv2%2Fmedia&parent=969"}],"wp:term":[{"taxonomy":"category","embeddable":true,"href":"https:\/\/opslaczna.pl\/index.php?rest_route=%2Fwp%2Fv2%2Fcategories&post=969"},{"taxonomy":"post_tag","embeddable":true,"href":"https:\/\/opslaczna.pl\/index.php?rest_route=%2Fwp%2Fv2%2Ftags&post=969"}],"curies":[{"name":"wp","href":"https:\/\/api.w.org\/{rel}","templated":true}]}}