{"id":951,"date":"2023-03-07T11:31:09","date_gmt":"2023-03-07T11:31:09","guid":{"rendered":"http:\/\/laczna2.opslaczna.pl\/?p=951"},"modified":"2023-03-07T11:32:41","modified_gmt":"2023-03-07T11:32:41","slug":"program-asystent-osobisty-osoby-niepelnosprawnej-edycja-2023","status":"publish","type":"post","link":"https:\/\/opslaczna.pl\/?p=951","title":{"rendered":"Program \u201eAsystent osobisty osoby niepe\u0142nosprawnej\u201d         &#8211; edycja 2023"},"content":{"rendered":"\t\t<div data-elementor-type=\"wp-post\" data-elementor-id=\"951\" class=\"elementor elementor-951\">\n\t\t\t\t\t\t<section class=\"elementor-section elementor-top-section elementor-element elementor-element-21724a8 elementor-section-boxed elementor-section-height-default elementor-section-height-default\" data-id=\"21724a8\" data-element_type=\"section\">\n\t\t\t\t\t\t<div class=\"elementor-container elementor-column-gap-default\">\n\t\t\t\t\t<div class=\"elementor-column elementor-col-100 elementor-top-column elementor-element elementor-element-53a8042\" data-id=\"53a8042\" data-element_type=\"column\">\n\t\t\t<div class=\"elementor-widget-wrap elementor-element-populated\">\n\t\t\t\t\t\t<div class=\"elementor-element elementor-element-76f8f8a elementor-widget elementor-widget-image\" data-id=\"76f8f8a\" data-element_type=\"widget\" data-widget_type=\"image.default\">\n\t\t\t\t<div class=\"elementor-widget-container\">\n\t\t\t\t\t\t\t\t\t\t\t\t\t\t\t<img fetchpriority=\"high\" decoding=\"async\" width=\"667\" height=\"943\" src=\"https:\/\/opslaczna.pl\/wp-content\/uploads\/2023\/03\/asystent23.jpg\" class=\"attachment-large size-large wp-image-953\" alt=\"\" srcset=\"https:\/\/opslaczna.pl\/wp-content\/uploads\/2023\/03\/asystent23.jpg 667w, https:\/\/opslaczna.pl\/wp-content\/uploads\/2023\/03\/asystent23-212x300.jpg 212w\" sizes=\"(max-width: 667px) 100vw, 667px\" \/>\t\t\t\t\t\t\t\t\t\t\t\t\t\t\t<\/div>\n\t\t\t\t<\/div>\n\t\t\t\t\t<\/div>\n\t\t<\/div>\n\t\t\t\t\t<\/div>\n\t\t<\/section>\n\t\t\t\t<section class=\"elementor-section elementor-top-section elementor-element elementor-element-d1b6c4e elementor-section-boxed elementor-section-height-default elementor-section-height-default\" data-id=\"d1b6c4e\" data-element_type=\"section\">\n\t\t\t\t\t\t<div class=\"elementor-container elementor-column-gap-default\">\n\t\t\t\t\t<div class=\"elementor-column elementor-col-100 elementor-top-column elementor-element elementor-element-0ecf1e8\" data-id=\"0ecf1e8\" data-element_type=\"column\">\n\t\t\t<div class=\"elementor-widget-wrap elementor-element-populated\">\n\t\t\t\t\t\t<div class=\"elementor-element elementor-element-f2b129b elementor-widget elementor-widget-text-editor\" data-id=\"f2b129b\" data-element_type=\"widget\" data-widget_type=\"text-editor.default\">\n\t\t\t\t<div class=\"elementor-widget-container\">\n\t\t\t\t\t\t\t\t\t<p><strong>W\u00f3jt Gminy \u0141\u0105czna Romuald Kowali\u0144ski<\/strong> przy kontrasygnacie Skarbnika Gminy&nbsp; podpisali w dniu 21 lutego 23r. umow\u0119 z Wojewod\u0105 \u015awi\u0119tokrzyskim okre\u015blaj\u0105c\u0105 wysoko\u015b\u0107 i tryb przekazania przez Wojewod\u0119 \u015brodk\u00f3w z <strong>Funduszu Solidarno\u015bciowego <\/strong>z przeznaczeniem na realizacj\u0119 przez Gmin\u0119 zadania <strong><em>Program \u201eAsystent osobisty osoby niepe\u0142nosprawnej\u201d \u2013 edycja 2023. <\/em><\/strong>To ju\u017c kolejna edycja programu, do kt\u00f3rego przyst\u0119puje Gmina za po\u015brednictwem Gminnego O\u015brodka Pomocy Spo\u0142ecznej w \u0141\u0105cznej.<\/p>\n\n<p>G\u0142\u00f3wnym celem podejmowanych dzia\u0142a\u0144 w ramach Programu jest zwi\u0119kszenie dost\u0119pno\u015bci us\u0142ug spo\u0142ecznych, w szczeg\u00f3lno\u015bci asystencji osobistej w formie og\u00f3lnodost\u0119pnej.<\/p>\n<p><strong>Gminny O\u015brodek Pomocy Spo\u0142ecznej w \u0141\u0105cznej od 1 marca <\/strong>&nbsp;obj\u0105\u0142 takimi dzia\u0142aniami osoby niepe\u0142nosprawne, kt\u00f3re posiadaj\u0105 orzeczenia:<\/p>\n<p>&#8211; 2 osoby z orzeczeniem o znacznym stopniu niepe\u0142nosprawno\u015bci z niepe\u0142nosprawno\u015bci\u0105 sprz\u0119\u017con\u0105,<\/p>\n<p>&#8211; 2 osoby z orzeczeniem o znacznym stopniu niepe\u0142nosprawno\u015bci,<\/p>\n<p>&#8211; 2 osoby z orzeczeniem o umiarkowanym stopniu niepe\u0142nosprawno\u015bci.<\/p>\n<p><\/p>\n<p><u>Zar\u00f3wno osoby obj\u0119te wsparciem jak i zatrudnieni asystenci s\u0105 mieszka\u0144cami Gminy \u0141\u0105czna.<\/u> Stanowi to du\u017ce u\u0142atwienie i w znacz\u0105cy spos\u00f3b spe\u0142nia oczekiwana obu stron.<\/p>\n<p>W ramach planowanych dzia\u0142a\u0144 asystenci b\u0119d\u0105 wspomaga\u0107 uczestnik\u00f3w w codziennych czynno\u015bciach, a Uczestnicy Programu b\u0119d\u0105 mogli liczy\u0107 na wsparcie w czynno\u015bciach dnia codziennego, tj. pomoc w prowadzeniu gospodarstwa domowego, wyj\u015bcia z domu (wyj\u015bcie do lekarza, na spacer, zakupy, za\u0142atwienie spraw urz\u0119dowych czy uczestnictwo w wydarzeniach kulturalnych).<\/p>\n<p>Osoby bardziej sprawne, b\u0119d\u0105 r\u00f3wnie\u017c wspomagane w codziennych czynno\u015bciach oraz wspierane w dzia\u0142aniach aktywizacyjnych (wyj\u015bcia z domu, uczestnictwo w wydarzeniach kulturalnych, itp.).<\/p>\n<p><\/p>\n<p>Celem rozpowszechnienia us\u0142ug asystencji osobistej jest zwi\u0119kszenie szans os\u00f3b niepe\u0142noprawnych na prowadzenie bardziej niezale\u017cnego\/samodzielnego i aktywnego \u017cycia. Nadrz\u0119dnym celem us\u0142ug asystencji osobistej jest d\u0105\u017cenie do poprawy funkcjonowania osoby niepe\u0142nosprawnej w jej \u015brodowisku oraz zwi\u0119kszenie mo\u017cliwo\u015bci zaspokajania jej potrzeb i w\u0142\u0105czenia jej w \u017cycie spo\u0142eczne.<\/p>\n<p><\/p>\t\t\t\t\t\t\t\t<\/div>\n\t\t\t\t<\/div>\n\t\t\t\t\t<\/div>\n\t\t<\/div>\n\t\t\t\t\t<\/div>\n\t\t<\/section>\n\t\t\t\t<\/div>\n\t\t","protected":false},"excerpt":{"rendered":"<p>W\u00f3jt Gminy \u0141\u0105czna Romuald Kowali\u0144ski przy kontrasygnacie Skarbnika Gminy&nbsp; podpisali w dniu 21 lutego 23r. umow\u0119 z Wojewod\u0105 \u015awi\u0119tokrzyskim okre\u015blaj\u0105c\u0105 wysoko\u015b\u0107 i tryb przekazania przez Wojewod\u0119 \u015brodk\u00f3w z Funduszu Solidarno\u015bciowego z przeznaczeniem na realizacj\u0119 przez Gmin\u0119 zadania Program \u201eAsystent osobisty osoby niepe\u0142nosprawnej\u201d \u2013 edycja 2023. To ju\u017c kolejna edycja programu, do kt\u00f3rego przyst\u0119puje Gmina za &hellip; <\/p>\n","protected":false},"author":2,"featured_media":0,"comment_status":"closed","ping_status":"","sticky":false,"template":"","format":"standard","meta":{"footnotes":""},"categories":[2],"tags":[],"class_list":["post-951","post","type-post","status-publish","format-standard","hentry","category-aktualnosci"],"_links":{"self":[{"href":"https:\/\/opslaczna.pl\/index.php?rest_route=\/wp\/v2\/posts\/951","targetHints":{"allow":["GET"]}}],"collection":[{"href":"https:\/\/opslaczna.pl\/index.php?rest_route=\/wp\/v2\/posts"}],"about":[{"href":"https:\/\/opslaczna.pl\/index.php?rest_route=\/wp\/v2\/types\/post"}],"author":[{"embeddable":true,"href":"https:\/\/opslaczna.pl\/index.php?rest_route=\/wp\/v2\/users\/2"}],"replies":[{"embeddable":true,"href":"https:\/\/opslaczna.pl\/index.php?rest_route=%2Fwp%2Fv2%2Fcomments&post=951"}],"version-history":[{"count":4,"href":"https:\/\/opslaczna.pl\/index.php?rest_route=\/wp\/v2\/posts\/951\/revisions"}],"predecessor-version":[{"id":956,"href":"https:\/\/opslaczna.pl\/index.php?rest_route=\/wp\/v2\/posts\/951\/revisions\/956"}],"wp:attachment":[{"href":"https:\/\/opslaczna.pl\/index.php?rest_route=%2Fwp%2Fv2%2Fmedia&parent=951"}],"wp:term":[{"taxonomy":"category","embeddable":true,"href":"https:\/\/opslaczna.pl\/index.php?rest_route=%2Fwp%2Fv2%2Fcategories&post=951"},{"taxonomy":"post_tag","embeddable":true,"href":"https:\/\/opslaczna.pl\/index.php?rest_route=%2Fwp%2Fv2%2Ftags&post=951"}],"curies":[{"name":"wp","href":"https:\/\/api.w.org\/{rel}","templated":true}]}}