{"id":92,"date":"2021-03-03T06:07:44","date_gmt":"2021-03-03T06:07:44","guid":{"rendered":"http:\/\/laczna2.opslaczna.pl\/?p=92"},"modified":"2021-04-13T12:14:43","modified_gmt":"2021-04-13T12:14:43","slug":"harmonogram-konsultacji-prawnych","status":"publish","type":"post","link":"https:\/\/opslaczna.pl\/?p=92","title":{"rendered":"Harmonogram konsultacji prawnych"},"content":{"rendered":"\t\t<div data-elementor-type=\"wp-post\" data-elementor-id=\"92\" class=\"elementor elementor-92\">\n\t\t\t\t\t\t<section class=\"elementor-section elementor-top-section elementor-element elementor-element-289eab08 elementor-section-boxed elementor-section-height-default elementor-section-height-default\" data-id=\"289eab08\" data-element_type=\"section\">\n\t\t\t\t\t\t<div class=\"elementor-container elementor-column-gap-default\">\n\t\t\t\t\t<div class=\"elementor-column elementor-col-100 elementor-top-column elementor-element elementor-element-5af0d3f3\" data-id=\"5af0d3f3\" data-element_type=\"column\">\n\t\t\t<div class=\"elementor-widget-wrap elementor-element-populated\">\n\t\t\t\t\t\t<div class=\"elementor-element elementor-element-7d1aa70 elementor-widget elementor-widget-text-editor\" data-id=\"7d1aa70\" data-element_type=\"widget\" data-widget_type=\"text-editor.default\">\n\t\t\t\t<div class=\"elementor-widget-container\">\n\t\t\t\t\t\t\t\t\t<p><\/p>\n<p>W\u00f3jt Gminy \u0141\u0105czna oraz Gminny O\u015brodek Pomocy Spo\u0142ecznej w \u0141\u0105cznej informuj\u0105, \u017ce od m-ca: marca 2021r. zostaje uruchomiony bezp\u0142atny punkt porad i konsultacji prawnych w ramach kt\u00f3rego mieszka\u0144cy Gminy \u0141\u0105czna, a w szczeg\u00f3lno\u015bci osoby i rodziny dotkni\u0119te problemami zwi\u0105zanymi z nadu\u017cywaniem alkoholu i innymi uzale\u017cnieniami, a tak\u017ce problemami opieku\u0144czo \u2013 wychowawczymi, korzystaj\u0105c z us\u0142ug <strong>radcy prawnego,<\/strong> b\u0119d\u0105 mogli pozyska\u0107 informacje z zakresu prawa rodzinnego, opieku\u0144czego, prawa karnego i cywilnego oraz uzyska\u0107 porady dotycz\u0105ce w\u0142a\u015bciwych rozwi\u0105za\u0144 prawnych dedykowanych osobom i rodzinom dotkni\u0119tym problemem przemocy w rodzinie.&nbsp;<\/p>\n<p>Porady i konsultacje prawne odbywa\u0107 si\u0119 b\u0119d\u0105 w wyznaczone dni w siedzibie <strong>Gminnego O\u015brodka Pomocy Spo\u0142ecznej w \u0141\u0105cznej (Kamionki 60, 26 \u2013 140 \u0141\u0105czna)<\/strong> . Poni\u017cej harmonogram indywidualnych konsultacji prawnych w miesi\u0105cu <strong>marcu 2021r.<\/strong><\/p>\n<p><\/p>\n<p><\/p>\n<p><\/p>\t\t\t\t\t\t\t\t<\/div>\n\t\t\t\t<\/div>\n\t\t\t\t\t<\/div>\n\t\t<\/div>\n\t\t\t\t\t<\/div>\n\t\t<\/section>\n\t\t\t\t<section class=\"elementor-section elementor-top-section elementor-element elementor-element-0939111 elementor-section-boxed elementor-section-height-default elementor-section-height-default\" data-id=\"0939111\" data-element_type=\"section\">\n\t\t\t\t\t\t<div class=\"elementor-container elementor-column-gap-default\">\n\t\t\t\t\t<div class=\"elementor-column elementor-col-100 elementor-top-column elementor-element elementor-element-324bdc6\" data-id=\"324bdc6\" data-element_type=\"column\">\n\t\t\t<div class=\"elementor-widget-wrap elementor-element-populated\">\n\t\t\t\t\t\t<div class=\"elementor-element elementor-element-c5b279f elementor-align-center elementor-widget elementor-widget-button\" data-id=\"c5b279f\" data-element_type=\"widget\" data-widget_type=\"button.default\">\n\t\t\t\t<div class=\"elementor-widget-container\">\n\t\t\t\t\t\t\t\t\t<div class=\"elementor-button-wrapper\">\n\t\t\t\t\t<a class=\"elementor-button elementor-button-link elementor-size-sm\" href=\"\/pliki\/Harmonogram.pdf\">\n\t\t\t\t\t\t<span class=\"elementor-button-content-wrapper\">\n\t\t\t\t\t\t\t\t\t<span class=\"elementor-button-text\">Pobierz Harmonogram<\/span>\n\t\t\t\t\t<\/span>\n\t\t\t\t\t<\/a>\n\t\t\t\t<\/div>\n\t\t\t\t\t\t\t\t<\/div>\n\t\t\t\t<\/div>\n\t\t\t\t\t<\/div>\n\t\t<\/div>\n\t\t\t\t\t<\/div>\n\t\t<\/section>\n\t\t\t\t<\/div>\n\t\t","protected":false},"excerpt":{"rendered":"<p>W\u00f3jt Gminy \u0141\u0105czna oraz Gminny O\u015brodek Pomocy Spo\u0142ecznej w \u0141\u0105cznej informuj\u0105, \u017ce od m-ca: marca 2021r. zostaje uruchomiony bezp\u0142atny punkt porad i konsultacji prawnych w ramach kt\u00f3rego mieszka\u0144cy Gminy \u0141\u0105czna, a w szczeg\u00f3lno\u015bci osoby i rodziny dotkni\u0119te problemami zwi\u0105zanymi z nadu\u017cywaniem alkoholu i innymi uzale\u017cnieniami, a tak\u017ce problemami opieku\u0144czo \u2013 wychowawczymi, korzystaj\u0105c z us\u0142ug radcy &hellip; <\/p>\n","protected":false},"author":2,"featured_media":0,"comment_status":"closed","ping_status":"","sticky":false,"template":"","format":"standard","meta":{"footnotes":""},"categories":[2],"tags":[],"class_list":["post-92","post","type-post","status-publish","format-standard","hentry","category-aktualnosci"],"_links":{"self":[{"href":"https:\/\/opslaczna.pl\/index.php?rest_route=\/wp\/v2\/posts\/92","targetHints":{"allow":["GET"]}}],"collection":[{"href":"https:\/\/opslaczna.pl\/index.php?rest_route=\/wp\/v2\/posts"}],"about":[{"href":"https:\/\/opslaczna.pl\/index.php?rest_route=\/wp\/v2\/types\/post"}],"author":[{"embeddable":true,"href":"https:\/\/opslaczna.pl\/index.php?rest_route=\/wp\/v2\/users\/2"}],"replies":[{"embeddable":true,"href":"https:\/\/opslaczna.pl\/index.php?rest_route=%2Fwp%2Fv2%2Fcomments&post=92"}],"version-history":[{"count":13,"href":"https:\/\/opslaczna.pl\/index.php?rest_route=\/wp\/v2\/posts\/92\/revisions"}],"predecessor-version":[{"id":146,"href":"https:\/\/opslaczna.pl\/index.php?rest_route=\/wp\/v2\/posts\/92\/revisions\/146"}],"wp:attachment":[{"href":"https:\/\/opslaczna.pl\/index.php?rest_route=%2Fwp%2Fv2%2Fmedia&parent=92"}],"wp:term":[{"taxonomy":"category","embeddable":true,"href":"https:\/\/opslaczna.pl\/index.php?rest_route=%2Fwp%2Fv2%2Fcategories&post=92"},{"taxonomy":"post_tag","embeddable":true,"href":"https:\/\/opslaczna.pl\/index.php?rest_route=%2Fwp%2Fv2%2Ftags&post=92"}],"curies":[{"name":"wp","href":"https:\/\/api.w.org\/{rel}","templated":true}]}}