{"id":918,"date":"2023-01-25T10:52:02","date_gmt":"2023-01-25T10:52:02","guid":{"rendered":"http:\/\/laczna2.opslaczna.pl\/?p=918"},"modified":"2023-01-25T11:26:44","modified_gmt":"2023-01-25T11:26:44","slug":"gminny-osrodek-pomocy-spolecznej-w-lacznej-przypomina-ze-do-1-lutego-biezacego-roku-osoby-ktore-ogrzewaja-swoje-domy-pradem-moga-skladac-wniosek-o-dodatek-elektryczny","status":"publish","type":"post","link":"https:\/\/opslaczna.pl\/?p=918","title":{"rendered":"Gminny O\u015brodek Pomocy Spo\u0142ecznej w \u0141\u0105cznej przypomina, \u017ce do 1 lutego bie\u017c\u0105cego roku osoby, kt\u00f3re ogrzewaj\u0105 swoje domy pr\u0105dem mog\u0105 sk\u0142ada\u0107 wniosek o dodatek elektryczny."},"content":{"rendered":"\t\t<div data-elementor-type=\"wp-post\" data-elementor-id=\"918\" class=\"elementor elementor-918\">\n\t\t\t\t\t\t<section class=\"elementor-section elementor-top-section elementor-element elementor-element-889728e elementor-section-boxed elementor-section-height-default elementor-section-height-default\" data-id=\"889728e\" data-element_type=\"section\">\n\t\t\t\t\t\t<div class=\"elementor-container elementor-column-gap-default\">\n\t\t\t\t\t<div class=\"elementor-column elementor-col-100 elementor-top-column elementor-element elementor-element-27e6adc\" data-id=\"27e6adc\" data-element_type=\"column\">\n\t\t\t<div class=\"elementor-widget-wrap elementor-element-populated\">\n\t\t\t\t\t\t<div class=\"elementor-element elementor-element-31e4a84 elementor-widget elementor-widget-text-editor\" data-id=\"31e4a84\" data-element_type=\"widget\" data-widget_type=\"text-editor.default\">\n\t\t\t\t<div class=\"elementor-widget-container\">\n\t\t\t\t\t\t\t\t\t<p>Wsparcie w postaci dodatku elektrycznego otrzymaj\u0105 osoby ogrzewaj\u0105ce nieruchomo\u015bci zasilane energi\u0105 elektryczn\u0105 ( pompa ciep\u0142a, ogrzewanie elektryczne\/ bojler elektryczny ).<\/p><p>Wysoko\u015b\u0107 dodatku elektrycznego zosta\u0142a zr\u00f3\u017cnicowana w zale\u017cno\u015bci od rocznego zu\u017cycia energii elektrycznej uprawnionego gospodarstwa domowego.<\/p><p>W przypadku, gdy zu\u017cycie w 2021 r. nie przekracza\u0142o 5 MWh, kwota dodatku wynosi 1000 z\u0142. Je\u017celi zu\u017cycie energii elektrycznej w gospodarstwie domowym w 2021 r. przekroczy\u0142o 5 MWh, w\u00f3wczas kwota dodatku to 1500 z\u0142.<\/p><p>Aby uzyska\u0107 dodatek elektryczny w podwy\u017cszonej kwocie, do wniosku nale\u017cy do\u0142\u0105czy\u0107 rozliczenie z przedsi\u0119biorstwem energetycznym, potwierdzaj\u0105ce zu\u017cycie energii elektrycznej w 2021 r. przekraczaj\u0105ce 5 MWh.<\/p><p>Podstaw\u0105 przyznania \u015bwiadczenia jest ustawa o szczeg\u00f3lnych rozwi\u0105zaniach s\u0142u\u017c\u0105cych ochronie odbiorc\u00f3w energii elektrycznej w 2023 roku w zwi\u0105zku z sytuacj\u0105 na rynku energii elektrycznej.<\/p><p>Warunkiem koniecznym do otrzymania dodatku elektrycznego jest uzyskanie wpisu lub zg\u0142oszenie \u017ar\u00f3d\u0142a ogrzewania do centralnej ewidencji emisyjno\u015bci budynk\u00f3w (CEEB).<\/p><p>We wniosku znajduj\u0105 si\u0119 dane o wnioskodawcy i wszystkich cz\u0142onkach jego gospodarstwa domowego. Nale\u017cy poda\u0107 te\u017c numer konta bankowego.<\/p><p>Przyznanie \u015bwiadczenia nie jest uzale\u017cnione od dochod\u00f3w.<\/p><p>Zgodnie z obowi\u0105zuj\u0105cymi przepisami dodatek elektryczny nie przys\u0142uguje osobom, kt\u00f3re korzystaj\u0105 z fotowoltaiki, a tak\u017ce nie mo\u017cna otrzyma\u0107 dodatku do pr\u0105du je\u015bli korzysta\u0142o si\u0119\u00a0 z innego dodatku do ogrzewania np. dodatku w\u0119glowego, dodatk\u00f3w do pelletu, oleju, gazu LPG i drewna.<\/p><p>\u015awiadczenie zostanie wyp\u0142acone do 31 marca 2023 r.<\/p><p>Wnioski o wyp\u0142at\u0119 dodatku elektrycznego mo\u017cna sk\u0142ada\u0107 w budynku Gminnego O\u015brodka Pomocy Spo\u0142ecznej w \u0141\u0105cznej w pokoju nr 4. Wype\u0142niony wniosek mo\u017cna z\u0142o\u017cy\u0107 osobi\u015bcie, wys\u0142a\u0107 za po\u015brednictwem poczty lub online (ePUAP).<\/p>\t\t\t\t\t\t\t\t<\/div>\n\t\t\t\t<\/div>\n\t\t\t\t\t<\/div>\n\t\t<\/div>\n\t\t\t\t\t<\/div>\n\t\t<\/section>\n\t\t\t\t<section class=\"elementor-section elementor-top-section elementor-element elementor-element-a56a710 elementor-section-boxed elementor-section-height-default elementor-section-height-default\" data-id=\"a56a710\" data-element_type=\"section\">\n\t\t\t\t\t\t<div class=\"elementor-container elementor-column-gap-default\">\n\t\t\t\t\t<div class=\"elementor-column elementor-col-100 elementor-top-column elementor-element elementor-element-874a6e5\" data-id=\"874a6e5\" data-element_type=\"column\">\n\t\t\t<div class=\"elementor-widget-wrap elementor-element-populated\">\n\t\t\t\t\t\t<div class=\"elementor-element elementor-element-5f5d305 elementor-align-center elementor-widget elementor-widget-button\" data-id=\"5f5d305\" data-element_type=\"widget\" data-widget_type=\"button.default\">\n\t\t\t\t<div class=\"elementor-widget-container\">\n\t\t\t\t\t\t\t\t\t<div class=\"elementor-button-wrapper\">\n\t\t\t\t\t<a class=\"elementor-button elementor-button-link elementor-size-sm\" href=\"http:\/\/laczna2.opslaczna.pl\/wp-content\/uploads\/2023\/01\/WniosekEE.pdf\">\n\t\t\t\t\t\t<span class=\"elementor-button-content-wrapper\">\n\t\t\t\t\t\t\t\t\t<span class=\"elementor-button-text\">Wz\u00f3r wniosku o wyp\u0142at\u0119 dodatku elektrycznego - pdf<\/span>\n\t\t\t\t\t<\/span>\n\t\t\t\t\t<\/a>\n\t\t\t\t<\/div>\n\t\t\t\t\t\t\t\t<\/div>\n\t\t\t\t<\/div>\n\t\t\t\t\t<\/div>\n\t\t<\/div>\n\t\t\t\t\t<\/div>\n\t\t<\/section>\n\t\t\t\t<\/div>\n\t\t","protected":false},"excerpt":{"rendered":"<p>Wsparcie w postaci dodatku elektrycznego otrzymaj\u0105 osoby ogrzewaj\u0105ce nieruchomo\u015bci zasilane energi\u0105 elektryczn\u0105 ( pompa ciep\u0142a, ogrzewanie elektryczne\/ bojler elektryczny ). Wysoko\u015b\u0107 dodatku elektrycznego zosta\u0142a zr\u00f3\u017cnicowana w zale\u017cno\u015bci od rocznego zu\u017cycia energii elektrycznej uprawnionego gospodarstwa domowego. W przypadku, gdy zu\u017cycie w 2021 r. nie przekracza\u0142o 5 MWh, kwota dodatku wynosi 1000 z\u0142. Je\u017celi zu\u017cycie energii elektrycznej &hellip; <\/p>\n","protected":false},"author":2,"featured_media":0,"comment_status":"closed","ping_status":"","sticky":false,"template":"","format":"standard","meta":{"footnotes":""},"categories":[2],"tags":[],"class_list":["post-918","post","type-post","status-publish","format-standard","hentry","category-aktualnosci"],"_links":{"self":[{"href":"https:\/\/opslaczna.pl\/index.php?rest_route=\/wp\/v2\/posts\/918","targetHints":{"allow":["GET"]}}],"collection":[{"href":"https:\/\/opslaczna.pl\/index.php?rest_route=\/wp\/v2\/posts"}],"about":[{"href":"https:\/\/opslaczna.pl\/index.php?rest_route=\/wp\/v2\/types\/post"}],"author":[{"embeddable":true,"href":"https:\/\/opslaczna.pl\/index.php?rest_route=\/wp\/v2\/users\/2"}],"replies":[{"embeddable":true,"href":"https:\/\/opslaczna.pl\/index.php?rest_route=%2Fwp%2Fv2%2Fcomments&post=918"}],"version-history":[{"count":7,"href":"https:\/\/opslaczna.pl\/index.php?rest_route=\/wp\/v2\/posts\/918\/revisions"}],"predecessor-version":[{"id":935,"href":"https:\/\/opslaczna.pl\/index.php?rest_route=\/wp\/v2\/posts\/918\/revisions\/935"}],"wp:attachment":[{"href":"https:\/\/opslaczna.pl\/index.php?rest_route=%2Fwp%2Fv2%2Fmedia&parent=918"}],"wp:term":[{"taxonomy":"category","embeddable":true,"href":"https:\/\/opslaczna.pl\/index.php?rest_route=%2Fwp%2Fv2%2Fcategories&post=918"},{"taxonomy":"post_tag","embeddable":true,"href":"https:\/\/opslaczna.pl\/index.php?rest_route=%2Fwp%2Fv2%2Ftags&post=918"}],"curies":[{"name":"wp","href":"https:\/\/api.w.org\/{rel}","templated":true}]}}