{"id":898,"date":"2022-11-16T08:51:34","date_gmt":"2022-11-16T08:51:34","guid":{"rendered":"http:\/\/laczna2.opslaczna.pl\/?p=898"},"modified":"2022-11-16T08:52:00","modified_gmt":"2022-11-16T08:52:00","slug":"informacja-8","status":"publish","type":"post","link":"https:\/\/opslaczna.pl\/?p=898","title":{"rendered":"Informacja"},"content":{"rendered":"\t\t<div data-elementor-type=\"wp-post\" data-elementor-id=\"898\" class=\"elementor elementor-898\">\n\t\t\t\t\t\t<section class=\"elementor-section elementor-top-section elementor-element elementor-element-c23e768 elementor-section-boxed elementor-section-height-default elementor-section-height-default\" data-id=\"c23e768\" data-element_type=\"section\">\n\t\t\t\t\t\t<div class=\"elementor-container elementor-column-gap-default\">\n\t\t\t\t\t<div class=\"elementor-column elementor-col-100 elementor-top-column elementor-element elementor-element-0e3484f\" data-id=\"0e3484f\" data-element_type=\"column\">\n\t\t\t<div class=\"elementor-widget-wrap elementor-element-populated\">\n\t\t\t\t\t\t<div class=\"elementor-element elementor-element-3e590fe elementor-widget elementor-widget-text-editor\" data-id=\"3e590fe\" data-element_type=\"widget\" data-widget_type=\"text-editor.default\">\n\t\t\t\t<div class=\"elementor-widget-container\">\n\t\t\t\t\t\t\t\t\t<p style=\"text-align: center;\"><strong>Informacja dla mieszka\u0144c\u00f3w Gminy \u0141\u0105czna dotycz\u0105ca dodatku w\u0119glowego<\/strong><\/p><p>\u00a0<\/p><p>\u00a0\u00a0\u00a0\u00a0\u00a0\u00a0\u00a0\u00a0\u00a0\u00a0\u00a0 Gminny\u00a0\u00a0 O\u015brodek\u00a0\u00a0 Pomocy\u00a0\u00a0 Spo\u0142ecznej\u00a0\u00a0 w\u00a0\u00a0 \u0141\u0105cznej\u00a0\u00a0 informuje,\u00a0\u00a0 i\u017c\u00a0\u00a0 w\u00a0\u00a0 zwi\u0105zku\u00a0\u00a0\u00a0 z nowelizacj\u0105 ustawy o dodatku w\u0119glowym osoby, kt\u00f3re nie otrzyma\u0142y dodatku w\u0119glowego, a kt\u00f3re prowadz\u0105 odr\u0119bne gospodarstwa domowe, w odr\u0119bnych domach\/lokalach i nie jest mo\u017cliwe\u00a0 do\u00a0 30\u00a0 listopada\u00a0 2022 r.\u00a0 ustalenie\u00a0\u00a0 odr\u0119bnego\u00a0\u00a0 adresu\u00a0\u00a0 miejsca\u00a0\u00a0 zamieszkania\u00a0 z\u00a0 przyczyn\u00a0 formalnych,\u00a0 proszeni\u00a0 s\u0105 o kontakt osobisty z O\u015brodkiem Pomocy Spo\u0142ecznej w celu ponownego z\u0142o\u017cenia wniosku o przyznanie dodatku w\u0119glowego.<\/p><p>\u00a0<\/p><p><strong>\u00a0\u00a0\u00a0\u00a0\u00a0\u00a0\u00a0\u00a0\u00a0\u00a0\u00a0 Zgodnie\u00a0 z\u00a0 art.\u00a0 2\u00a0 ust.\u00a0 9\u00a0 wniosek\u00a0 o\u00a0 wyp\u0142at\u0119\u00a0 dodatku\u00a0 w\u0119glowego\u00a0 sk\u0142ada\u00a0 si\u0119\u00a0 w terminie do dnia 30 listopada 2022 r.\u00a0 <\/strong><\/p><p>\u00a0<\/p><p><strong>\u00a0\u00a0\u00a0\u00a0\u00a0\u00a0\u00a0\u00a0\u00a0\u00a0\u00a0 Zgonie z art. 2 ust. 10 wnioski z\u0142o\u017cone po dniu 30 listopada 2022 r. pozostawia si\u0119 bez rozpoznania.<\/strong><\/p><p>\u00a0<\/p><p>\u00a0\u00a0\u00a0\u00a0\u00a0\u00a0\u00a0\u00a0\u00a0\u00a0\u00a0 Po z\u0142o\u017ceniu wniosku zostanie przeprowadzony w miejscu zamieszkania wywiad weryfikuj\u0105cy prawo do otrzymania dodatku w\u0119glowego.<\/p>\t\t\t\t\t\t\t\t<\/div>\n\t\t\t\t<\/div>\n\t\t\t\t\t<\/div>\n\t\t<\/div>\n\t\t\t\t\t<\/div>\n\t\t<\/section>\n\t\t\t\t<\/div>\n\t\t","protected":false},"excerpt":{"rendered":"<p>Informacja dla mieszka\u0144c\u00f3w Gminy \u0141\u0105czna dotycz\u0105ca dodatku w\u0119glowego \u00a0 \u00a0\u00a0\u00a0\u00a0\u00a0\u00a0\u00a0\u00a0\u00a0\u00a0\u00a0 Gminny\u00a0\u00a0 O\u015brodek\u00a0\u00a0 Pomocy\u00a0\u00a0 Spo\u0142ecznej\u00a0\u00a0 w\u00a0\u00a0 \u0141\u0105cznej\u00a0\u00a0 informuje,\u00a0\u00a0 i\u017c\u00a0\u00a0 w\u00a0\u00a0 zwi\u0105zku\u00a0\u00a0\u00a0 z nowelizacj\u0105 ustawy o dodatku w\u0119glowym osoby, kt\u00f3re nie otrzyma\u0142y dodatku w\u0119glowego, a kt\u00f3re prowadz\u0105 odr\u0119bne gospodarstwa domowe, w odr\u0119bnych domach\/lokalach i nie jest mo\u017cliwe\u00a0 do\u00a0 30\u00a0 listopada\u00a0 2022 r.\u00a0 ustalenie\u00a0\u00a0 odr\u0119bnego\u00a0\u00a0 adresu\u00a0\u00a0 miejsca\u00a0\u00a0 zamieszkania\u00a0 &hellip; <\/p>\n","protected":false},"author":2,"featured_media":0,"comment_status":"closed","ping_status":"","sticky":false,"template":"","format":"standard","meta":{"footnotes":""},"categories":[2],"tags":[],"class_list":["post-898","post","type-post","status-publish","format-standard","hentry","category-aktualnosci"],"_links":{"self":[{"href":"https:\/\/opslaczna.pl\/index.php?rest_route=\/wp\/v2\/posts\/898","targetHints":{"allow":["GET"]}}],"collection":[{"href":"https:\/\/opslaczna.pl\/index.php?rest_route=\/wp\/v2\/posts"}],"about":[{"href":"https:\/\/opslaczna.pl\/index.php?rest_route=\/wp\/v2\/types\/post"}],"author":[{"embeddable":true,"href":"https:\/\/opslaczna.pl\/index.php?rest_route=\/wp\/v2\/users\/2"}],"replies":[{"embeddable":true,"href":"https:\/\/opslaczna.pl\/index.php?rest_route=%2Fwp%2Fv2%2Fcomments&post=898"}],"version-history":[{"count":4,"href":"https:\/\/opslaczna.pl\/index.php?rest_route=\/wp\/v2\/posts\/898\/revisions"}],"predecessor-version":[{"id":902,"href":"https:\/\/opslaczna.pl\/index.php?rest_route=\/wp\/v2\/posts\/898\/revisions\/902"}],"wp:attachment":[{"href":"https:\/\/opslaczna.pl\/index.php?rest_route=%2Fwp%2Fv2%2Fmedia&parent=898"}],"wp:term":[{"taxonomy":"category","embeddable":true,"href":"https:\/\/opslaczna.pl\/index.php?rest_route=%2Fwp%2Fv2%2Fcategories&post=898"},{"taxonomy":"post_tag","embeddable":true,"href":"https:\/\/opslaczna.pl\/index.php?rest_route=%2Fwp%2Fv2%2Ftags&post=898"}],"curies":[{"name":"wp","href":"https:\/\/api.w.org\/{rel}","templated":true}]}}