{"id":851,"date":"2022-09-19T11:08:44","date_gmt":"2022-09-19T11:08:44","guid":{"rendered":"http:\/\/laczna2.opslaczna.pl\/?p=851"},"modified":"2022-09-19T11:09:18","modified_gmt":"2022-09-19T11:09:18","slug":"dodatek-weglowy-nowelizacja","status":"publish","type":"post","link":"https:\/\/opslaczna.pl\/?p=851","title":{"rendered":"Dodatek w\u0119glowy &#8211; Nowelizacja"},"content":{"rendered":"\t\t<div data-elementor-type=\"wp-post\" data-elementor-id=\"851\" class=\"elementor elementor-851\">\n\t\t\t\t\t\t<section class=\"elementor-section elementor-top-section elementor-element elementor-element-da1c35f elementor-section-boxed elementor-section-height-default elementor-section-height-default\" data-id=\"da1c35f\" data-element_type=\"section\">\n\t\t\t\t\t\t<div class=\"elementor-container elementor-column-gap-default\">\n\t\t\t\t\t<div class=\"elementor-column elementor-col-100 elementor-top-column elementor-element elementor-element-a27dad4\" data-id=\"a27dad4\" data-element_type=\"column\">\n\t\t\t<div class=\"elementor-widget-wrap elementor-element-populated\">\n\t\t\t\t\t\t<div class=\"elementor-element elementor-element-30a6829 elementor-widget elementor-widget-text-editor\" data-id=\"30a6829\" data-element_type=\"widget\" data-widget_type=\"text-editor.default\">\n\t\t\t\t<div class=\"elementor-widget-container\">\n\t\t\t\t\t\t\t\t\t<p>W nawi\u0105zaniu do znowelizowanej przez Sejm RP w\u00a0dniu 15.09.2022 ustawy o\u00a0dodatku w\u0119glowym, informujemy, \u017ce niekt\u00f3re zmiany mog\u0105 mie\u0107 istotne znaczenie dla za\u0142atwienia Pa\u0144stwa wniosku. Art. 52 ustawy o\u00a0szczeg\u00f3lnych rozwi\u0105zaniach w\u00a0zakresie niekt\u00f3rych \u017ar\u00f3de\u0142 ciep\u0142a w\u00a0zwi\u0105zku z\u00a0sytuacj\u0105 na rynku paliw ma stanowi\u0107, \u017ce: \u201eDo post\u0119powa\u0144 w\u00a0sprawie wyp\u0142aty dodatku w\u0119glowego wszcz\u0119tych i\u00a0nie zako\u0144czonych (&#8230;) stosuje si\u0119 przepisy<br \/>w\u00a0brzmieniu nadanym niniejsz\u0105 ustaw\u0105.\u201d<\/p><p>Najistotniejsze zmiany w\u00a0uprawnieniach do dodatku w\u0119glowego dotycz\u0105:<\/p><p>&#8211; wprowadzenia zasady: jeden dodatek na jeden adres zamieszkania<\/p><p>&#8211; wyd\u0142u\u017cenia terminu za\u0142atwienia wniosku do dw\u00f3ch miesi\u0119cy<\/p><p>&#8211; korekty deklaracji \u017ar\u00f3de\u0142 ciep\u0142a z\u0142o\u017cone po 11 sierpnia 2022 do centralnej ewidencji emisyjno\u015bci budynk\u00f3w nie b\u0119d\u0105 uwzgl\u0119dniane, a\u00a0z\u0142o\u017cone wnioski o\u00a0dodatek w\u0119glowy b\u0119d\u0105 rozpatrzone na podstawie z\u0142o\u017conej deklaracji do 11 sierpnia 2022.<\/p><p>Powy\u017csze zmiany nie b\u0119d\u0105 wymaga\u0142y od Pa\u0144stwa z\u0142o\u017cenia nowych wniosk\u00f3w.<\/p><p>Informujemy, \u017ce ww. zmiany przepis\u00f3w spowoduj\u0105 jednak potrzeb\u0119 powt\u00f3rnej analizy du\u017cej ilo\u015bci wniosk\u00f3w, co mo\u017ce wyd\u0142u\u017cy\u0107 terminy zako\u0144czenia prowadzonych post\u0119powa\u0144.<\/p>\t\t\t\t\t\t\t\t<\/div>\n\t\t\t\t<\/div>\n\t\t\t\t\t<\/div>\n\t\t<\/div>\n\t\t\t\t\t<\/div>\n\t\t<\/section>\n\t\t\t\t<\/div>\n\t\t","protected":false},"excerpt":{"rendered":"<p>W nawi\u0105zaniu do znowelizowanej przez Sejm RP w\u00a0dniu 15.09.2022 ustawy o\u00a0dodatku w\u0119glowym, informujemy, \u017ce niekt\u00f3re zmiany mog\u0105 mie\u0107 istotne znaczenie dla za\u0142atwienia Pa\u0144stwa wniosku. Art. 52 ustawy o\u00a0szczeg\u00f3lnych rozwi\u0105zaniach w\u00a0zakresie niekt\u00f3rych \u017ar\u00f3de\u0142 ciep\u0142a w\u00a0zwi\u0105zku z\u00a0sytuacj\u0105 na rynku paliw ma stanowi\u0107, \u017ce: \u201eDo post\u0119powa\u0144 w\u00a0sprawie wyp\u0142aty dodatku w\u0119glowego wszcz\u0119tych i\u00a0nie zako\u0144czonych (&#8230;) stosuje si\u0119 przepisyw\u00a0brzmieniu nadanym &hellip; <\/p>\n","protected":false},"author":2,"featured_media":0,"comment_status":"closed","ping_status":"","sticky":false,"template":"","format":"standard","meta":{"footnotes":""},"categories":[2],"tags":[],"class_list":["post-851","post","type-post","status-publish","format-standard","hentry","category-aktualnosci"],"_links":{"self":[{"href":"https:\/\/opslaczna.pl\/index.php?rest_route=\/wp\/v2\/posts\/851","targetHints":{"allow":["GET"]}}],"collection":[{"href":"https:\/\/opslaczna.pl\/index.php?rest_route=\/wp\/v2\/posts"}],"about":[{"href":"https:\/\/opslaczna.pl\/index.php?rest_route=\/wp\/v2\/types\/post"}],"author":[{"embeddable":true,"href":"https:\/\/opslaczna.pl\/index.php?rest_route=\/wp\/v2\/users\/2"}],"replies":[{"embeddable":true,"href":"https:\/\/opslaczna.pl\/index.php?rest_route=%2Fwp%2Fv2%2Fcomments&post=851"}],"version-history":[{"count":4,"href":"https:\/\/opslaczna.pl\/index.php?rest_route=\/wp\/v2\/posts\/851\/revisions"}],"predecessor-version":[{"id":855,"href":"https:\/\/opslaczna.pl\/index.php?rest_route=\/wp\/v2\/posts\/851\/revisions\/855"}],"wp:attachment":[{"href":"https:\/\/opslaczna.pl\/index.php?rest_route=%2Fwp%2Fv2%2Fmedia&parent=851"}],"wp:term":[{"taxonomy":"category","embeddable":true,"href":"https:\/\/opslaczna.pl\/index.php?rest_route=%2Fwp%2Fv2%2Fcategories&post=851"},{"taxonomy":"post_tag","embeddable":true,"href":"https:\/\/opslaczna.pl\/index.php?rest_route=%2Fwp%2Fv2%2Ftags&post=851"}],"curies":[{"name":"wp","href":"https:\/\/api.w.org\/{rel}","templated":true}]}}