{"id":834,"date":"2022-08-18T09:16:42","date_gmt":"2022-08-18T09:16:42","guid":{"rendered":"http:\/\/laczna2.opslaczna.pl\/?p=834"},"modified":"2022-08-18T09:19:06","modified_gmt":"2022-08-18T09:19:06","slug":"informacja-6","status":"publish","type":"post","link":"https:\/\/opslaczna.pl\/?p=834","title":{"rendered":"Informacja"},"content":{"rendered":"\t\t<div data-elementor-type=\"wp-post\" data-elementor-id=\"834\" class=\"elementor elementor-834\">\n\t\t\t\t\t\t<section class=\"elementor-section elementor-top-section elementor-element elementor-element-e1829b2 elementor-section-boxed elementor-section-height-default elementor-section-height-default\" data-id=\"e1829b2\" data-element_type=\"section\">\n\t\t\t\t\t\t<div class=\"elementor-container elementor-column-gap-default\">\n\t\t\t\t\t<div class=\"elementor-column elementor-col-100 elementor-top-column elementor-element elementor-element-59bdfea\" data-id=\"59bdfea\" data-element_type=\"column\">\n\t\t\t<div class=\"elementor-widget-wrap elementor-element-populated\">\n\t\t\t\t\t\t<div class=\"elementor-element elementor-element-a9c3a8b elementor-widget elementor-widget-image\" data-id=\"a9c3a8b\" data-element_type=\"widget\" data-widget_type=\"image.default\">\n\t\t\t\t<div class=\"elementor-widget-container\">\n\t\t\t\t\t\t\t\t\t\t\t\t\t\t\t<img fetchpriority=\"high\" decoding=\"async\" width=\"1024\" height=\"576\" src=\"https:\/\/opslaczna.pl\/wp-content\/uploads\/2022\/08\/dw-1024x576.jpg\" class=\"attachment-large size-large wp-image-836\" alt=\"\" srcset=\"https:\/\/opslaczna.pl\/wp-content\/uploads\/2022\/08\/dw-1024x576.jpg 1024w, https:\/\/opslaczna.pl\/wp-content\/uploads\/2022\/08\/dw-300x169.jpg 300w, https:\/\/opslaczna.pl\/wp-content\/uploads\/2022\/08\/dw-768x432.jpg 768w, https:\/\/opslaczna.pl\/wp-content\/uploads\/2022\/08\/dw-1536x864.jpg 1536w, https:\/\/opslaczna.pl\/wp-content\/uploads\/2022\/08\/dw.jpg 1600w\" sizes=\"(max-width: 1024px) 100vw, 1024px\" \/>\t\t\t\t\t\t\t\t\t\t\t\t\t\t\t<\/div>\n\t\t\t\t<\/div>\n\t\t\t\t<div class=\"elementor-element elementor-element-a943c42 elementor-widget elementor-widget-text-editor\" data-id=\"a943c42\" data-element_type=\"widget\" data-widget_type=\"text-editor.default\">\n\t\t\t\t<div class=\"elementor-widget-container\">\n\t\t\t\t\t\t\t\t\t<p style=\"text-align: center;\"><u>Od dnia\u00a0 22.08.2022r. do 30 listopada 2022r.<\/u><\/p><p style=\"text-align: center;\">W Gminnym O\u015brodku Pomocy Spo\u0142ecznej w \u0141\u0105cznej<\/p><p style=\"text-align: center;\">\u00a0(Dzia\u0142 \u015bwiadcze\u0144 rodzinnych)<\/p><p style=\"text-align: center;\">przyjmowane b\u0119d\u0105 wnioski<\/p><p style=\"text-align: center;\">o <strong><u>dodatek w\u0119glowy<\/u><\/strong>.<\/p><p style=\"text-align: center;\">\u00a0<\/p><p>Dodatek\u00a0 w\u0119glowy przys\u0142ugiwa\u0142 b\u0119dzie gospodarstwom domowym, dla kt\u00f3rych g\u0142\u00f3wnym \u017ar\u00f3d\u0142em ogrzewania jest kocio\u0142 na paliwo sta\u0142e, kominek, koza, ogrzewacz powietrza, trzon kuchenny, piecokuchnia, kuchnia w\u0119glowa lub piec kaflowy na paliwo sta\u0142e \u2013 zasilane w\u0119glem kamiennym, brykietem lub peletem, zawieraj\u0105cymi co najmniej 85% w\u0119gla kamiennego.<\/p><p>W zaproponowanym rozwi\u0105zaniu nie ma kryteri\u00f3w dochodowych, a dodatek b\u0119dzie przys\u0142ugiwa\u0142 r\u00f3wnie\u017c gospodarstwom, kt\u00f3re ju\u017c zakupi\u0142y w\u0119giel.\u00a0<\/p><p>Warunkiem otrzymania dodatku b\u0119dzie wpis lub zg\u0142oszenie \u017ar\u00f3d\u0142a ogrzewania do Centralnej Ewidencji Emisyjno\u015bci Budynk\u00f3w.<\/p><p>Wnioski o dodatek w\u0119glowy \u2013 podobnie jak w przypadku dodatku os\u0142onowego, b\u0119dzie mo\u017cna sk\u0142ada\u0107 do Gminnego O\u015brodka Pomocy Spo\u0142ecznej w \u0141\u0105cznej.<\/p><p>Wniosek o wyp\u0142at\u0119 dodatku w\u0119glowego sk\u0142ada si\u0119\u00a0 w terminie\u00a0 do dnia 30 listopada 2022 r.<\/p><p>Wnioski o wyp\u0142at\u0119 dodatku w\u0119glowego\u00a0 z\u0142o\u017cone po dniu 30 listopada 2022r. pozostawia si\u0119 bez rozpoznania.<\/p><p>Wniosek o wyp\u0142at\u0119 dodatku w\u0119glowego sk\u0142ada si\u0119 w gminie w\u0142a\u015bciwej ze wzgl\u0119du na miejsce zamieszkania osoby sk\u0142adaj\u0105cej ten wniosek.<\/p><p>\u00a0<\/p>\t\t\t\t\t\t\t\t<\/div>\n\t\t\t\t<\/div>\n\t\t\t\t<div class=\"elementor-element elementor-element-438ea64 elementor-align-center elementor-widget elementor-widget-button\" data-id=\"438ea64\" data-element_type=\"widget\" data-widget_type=\"button.default\">\n\t\t\t\t<div class=\"elementor-widget-container\">\n\t\t\t\t\t\t\t\t\t<div class=\"elementor-button-wrapper\">\n\t\t\t\t\t<a class=\"elementor-button elementor-button-link elementor-size-sm\" href=\"http:\/\/laczna2.opslaczna.pl\/wp-content\/uploads\/2022\/08\/wniosek-dw.pdf\">\n\t\t\t\t\t\t<span class=\"elementor-button-content-wrapper\">\n\t\t\t\t\t\t\t\t\t<span class=\"elementor-button-text\">Wniosek o dodatek w\u0119glowy - pobierz pdf<\/span>\n\t\t\t\t\t<\/span>\n\t\t\t\t\t<\/a>\n\t\t\t\t<\/div>\n\t\t\t\t\t\t\t\t<\/div>\n\t\t\t\t<\/div>\n\t\t\t\t\t<\/div>\n\t\t<\/div>\n\t\t\t\t\t<\/div>\n\t\t<\/section>\n\t\t\t\t<\/div>\n\t\t","protected":false},"excerpt":{"rendered":"<p>Od dnia\u00a0 22.08.2022r. do 30 listopada 2022r. W Gminnym O\u015brodku Pomocy Spo\u0142ecznej w \u0141\u0105cznej \u00a0(Dzia\u0142 \u015bwiadcze\u0144 rodzinnych) przyjmowane b\u0119d\u0105 wnioski o dodatek w\u0119glowy. \u00a0 Dodatek\u00a0 w\u0119glowy przys\u0142ugiwa\u0142 b\u0119dzie gospodarstwom domowym, dla kt\u00f3rych g\u0142\u00f3wnym \u017ar\u00f3d\u0142em ogrzewania jest kocio\u0142 na paliwo sta\u0142e, kominek, koza, ogrzewacz powietrza, trzon kuchenny, piecokuchnia, kuchnia w\u0119glowa lub piec kaflowy na paliwo sta\u0142e &hellip; <\/p>\n","protected":false},"author":2,"featured_media":0,"comment_status":"closed","ping_status":"","sticky":false,"template":"","format":"standard","meta":{"footnotes":""},"categories":[2],"tags":[],"class_list":["post-834","post","type-post","status-publish","format-standard","hentry","category-aktualnosci"],"_links":{"self":[{"href":"https:\/\/opslaczna.pl\/index.php?rest_route=\/wp\/v2\/posts\/834","targetHints":{"allow":["GET"]}}],"collection":[{"href":"https:\/\/opslaczna.pl\/index.php?rest_route=\/wp\/v2\/posts"}],"about":[{"href":"https:\/\/opslaczna.pl\/index.php?rest_route=\/wp\/v2\/types\/post"}],"author":[{"embeddable":true,"href":"https:\/\/opslaczna.pl\/index.php?rest_route=\/wp\/v2\/users\/2"}],"replies":[{"embeddable":true,"href":"https:\/\/opslaczna.pl\/index.php?rest_route=%2Fwp%2Fv2%2Fcomments&post=834"}],"version-history":[{"count":4,"href":"https:\/\/opslaczna.pl\/index.php?rest_route=\/wp\/v2\/posts\/834\/revisions"}],"predecessor-version":[{"id":840,"href":"https:\/\/opslaczna.pl\/index.php?rest_route=\/wp\/v2\/posts\/834\/revisions\/840"}],"wp:attachment":[{"href":"https:\/\/opslaczna.pl\/index.php?rest_route=%2Fwp%2Fv2%2Fmedia&parent=834"}],"wp:term":[{"taxonomy":"category","embeddable":true,"href":"https:\/\/opslaczna.pl\/index.php?rest_route=%2Fwp%2Fv2%2Fcategories&post=834"},{"taxonomy":"post_tag","embeddable":true,"href":"https:\/\/opslaczna.pl\/index.php?rest_route=%2Fwp%2Fv2%2Ftags&post=834"}],"curies":[{"name":"wp","href":"https:\/\/api.w.org\/{rel}","templated":true}]}}