{"id":778,"date":"2022-07-11T14:50:24","date_gmt":"2022-07-11T14:50:24","guid":{"rendered":"http:\/\/laczna2.opslaczna.pl\/?p=778"},"modified":"2022-07-11T14:50:59","modified_gmt":"2022-07-11T14:50:59","slug":"zapytanie-ofertowe-nr-9-2-1-12-2022","status":"publish","type":"post","link":"https:\/\/opslaczna.pl\/?p=778","title":{"rendered":"ZAPYTANIE OFERTOWE nr 9.2.1-12\/2022"},"content":{"rendered":"\t\t<div data-elementor-type=\"wp-post\" data-elementor-id=\"778\" class=\"elementor elementor-778\">\n\t\t\t\t\t\t<section class=\"elementor-section elementor-top-section elementor-element elementor-element-733fc739 elementor-section-boxed elementor-section-height-default elementor-section-height-default\" data-id=\"733fc739\" data-element_type=\"section\">\n\t\t\t\t\t\t<div class=\"elementor-container elementor-column-gap-default\">\n\t\t\t\t\t<div class=\"elementor-column elementor-col-100 elementor-top-column elementor-element elementor-element-4cebc184\" data-id=\"4cebc184\" data-element_type=\"column\">\n\t\t\t<div class=\"elementor-widget-wrap elementor-element-populated\">\n\t\t\t\t\t\t<div class=\"elementor-element elementor-element-7ba3ee48 elementor-widget elementor-widget-text-editor\" data-id=\"7ba3ee48\" data-element_type=\"widget\" data-widget_type=\"text-editor.default\">\n\t\t\t\t<div class=\"elementor-widget-container\">\n\t\t\t\t\t\t\t\t\t<p><\/p>\n<p>Gmina \u0141\u0105czna\/Gminny O\u015brodek Pomocy Spo\u0142ecznej w \u0141\u0105cznej zaprasza do sk\u0142adania ofert w post\u0119powaniu pt. <a><strong>Dostawa artyku\u0142\u00f3w spo\u017cywczych <\/strong><\/a><strong>na potrzeby projektu pn.: \u201eWspieramy rodziny w gminie \u0141\u0105czna\u201d.<\/strong> Projekt jest wsp\u00f3\u0142finansowany ze \u015brodk\u00f3w Unii Europejskiej w ramach Europejskiego Funduszu Spo\u0142ecznego, Regionalnego Programu Operacyjnego Wojew\u00f3dztwa \u015awi\u0119tokrzyskiego na lata 2014-2020 (RPOW\u015a 2014-2020). O\u015b Priorytetowa IX. W\u0142\u0105czenie spo\u0142eczne i walka z ub\u00f3stwem Dzia\u0142anie 9.2 U\u0142atwienie dost\u0119pu do wysokiej jako\u015bci us\u0142ug spo\u0142ecznych i zdrowotnych Poddzia\u0142anie 9.2.1 Rozw\u00f3j wysokiej jako\u015bci us\u0142ug spo\u0142ecznych.<\/p>\n<p><a href=\"http:\/\/laczna2.opslaczna.pl\/wp-content\/uploads\/2022\/07\/12-ART-SPOZYWCZE.zip\">12 ART SPO\u017bYWCZE<\/a><\/p>\n<p><\/p>\t\t\t\t\t\t\t\t<\/div>\n\t\t\t\t<\/div>\n\t\t\t\t\t<\/div>\n\t\t<\/div>\n\t\t\t\t\t<\/div>\n\t\t<\/section>\n\t\t\t\t<\/div>\n\t\t","protected":false},"excerpt":{"rendered":"<p>Gmina \u0141\u0105czna\/Gminny O\u015brodek Pomocy Spo\u0142ecznej w \u0141\u0105cznej zaprasza do sk\u0142adania ofert w post\u0119powaniu pt. Dostawa artyku\u0142\u00f3w spo\u017cywczych na potrzeby projektu pn.: \u201eWspieramy rodziny w gminie \u0141\u0105czna\u201d. Projekt jest wsp\u00f3\u0142finansowany ze \u015brodk\u00f3w Unii Europejskiej w ramach Europejskiego Funduszu Spo\u0142ecznego, Regionalnego Programu Operacyjnego Wojew\u00f3dztwa \u015awi\u0119tokrzyskiego na lata 2014-2020 (RPOW\u015a 2014-2020). O\u015b Priorytetowa IX. W\u0142\u0105czenie spo\u0142eczne i walka &hellip; <\/p>\n","protected":false},"author":3,"featured_media":0,"comment_status":"closed","ping_status":"","sticky":false,"template":"","format":"standard","meta":{"footnotes":""},"categories":[2],"tags":[],"class_list":["post-778","post","type-post","status-publish","format-standard","hentry","category-aktualnosci"],"_links":{"self":[{"href":"https:\/\/opslaczna.pl\/index.php?rest_route=\/wp\/v2\/posts\/778","targetHints":{"allow":["GET"]}}],"collection":[{"href":"https:\/\/opslaczna.pl\/index.php?rest_route=\/wp\/v2\/posts"}],"about":[{"href":"https:\/\/opslaczna.pl\/index.php?rest_route=\/wp\/v2\/types\/post"}],"author":[{"embeddable":true,"href":"https:\/\/opslaczna.pl\/index.php?rest_route=\/wp\/v2\/users\/3"}],"replies":[{"embeddable":true,"href":"https:\/\/opslaczna.pl\/index.php?rest_route=%2Fwp%2Fv2%2Fcomments&post=778"}],"version-history":[{"count":4,"href":"https:\/\/opslaczna.pl\/index.php?rest_route=\/wp\/v2\/posts\/778\/revisions"}],"predecessor-version":[{"id":783,"href":"https:\/\/opslaczna.pl\/index.php?rest_route=\/wp\/v2\/posts\/778\/revisions\/783"}],"wp:attachment":[{"href":"https:\/\/opslaczna.pl\/index.php?rest_route=%2Fwp%2Fv2%2Fmedia&parent=778"}],"wp:term":[{"taxonomy":"category","embeddable":true,"href":"https:\/\/opslaczna.pl\/index.php?rest_route=%2Fwp%2Fv2%2Fcategories&post=778"},{"taxonomy":"post_tag","embeddable":true,"href":"https:\/\/opslaczna.pl\/index.php?rest_route=%2Fwp%2Fv2%2Ftags&post=778"}],"curies":[{"name":"wp","href":"https:\/\/api.w.org\/{rel}","templated":true}]}}