{"id":690,"date":"2022-04-26T12:38:43","date_gmt":"2022-04-26T12:38:43","guid":{"rendered":"http:\/\/laczna2.opslaczna.pl\/?p=690"},"modified":"2022-04-26T12:40:02","modified_gmt":"2022-04-26T12:40:02","slug":"zapytanie-ofertowe-nr-9-2-1-7-2022","status":"publish","type":"post","link":"https:\/\/opslaczna.pl\/?p=690","title":{"rendered":"ZAPYTANIE OFERTOWE nr 9.2.1-7\/2022"},"content":{"rendered":"\t\t<div data-elementor-type=\"wp-post\" data-elementor-id=\"690\" class=\"elementor elementor-690\">\n\t\t\t\t\t\t<section class=\"elementor-section elementor-top-section elementor-element elementor-element-51ddd525 elementor-section-boxed elementor-section-height-default elementor-section-height-default\" data-id=\"51ddd525\" data-element_type=\"section\">\n\t\t\t\t\t\t<div class=\"elementor-container elementor-column-gap-default\">\n\t\t\t\t\t<div class=\"elementor-column elementor-col-100 elementor-top-column elementor-element elementor-element-69af1ff2\" data-id=\"69af1ff2\" data-element_type=\"column\">\n\t\t\t<div class=\"elementor-widget-wrap elementor-element-populated\">\n\t\t\t\t\t\t<div class=\"elementor-element elementor-element-63e57832 elementor-widget elementor-widget-text-editor\" data-id=\"63e57832\" data-element_type=\"widget\" data-widget_type=\"text-editor.default\">\n\t\t\t\t<div class=\"elementor-widget-container\">\n\t\t\t\t\t\t\t\t\t<p><\/p>\n<p><\/p>\n<p><\/p>\n<p><a>Gmina \u0141\u0105czna\/Gminny O\u015brodek Pomocy Spo\u0142ecznej w \u0141\u0105cznej\u00a0<\/a>zaprasza do sk\u0142adania ofert w post\u0119powaniu pn. <a>\u201e<strong>Us\u0142uga organizacji wyjazd\u00f3w edukacyjnych dla uczestnik\u00f3w projektu\u201d \u201e<\/strong><\/a><strong>Wspieramy rodziny w gminie \u0141\u0105czna\u201d<\/strong> Projekt jest wsp\u00f3\u0142finansowany ze \u015brodk\u00f3w Unii Europejskiej w ramach Europejskiego Funduszu Spo\u0142ecznego, Regionalnego Programu Operacyjnego Wojew\u00f3dztwa \u015awi\u0119tokrzyskiego na lata 2014-2020 (RPOW\u015a 2014-2020). O\u015b Priorytetowa IX. W\u0142\u0105czenie spo\u0142eczne i walka z ub\u00f3stwem Dzia\u0142anie 9.2 U\u0142atwienie dost\u0119pu do wysokiej jako\u015bci us\u0142ug spo\u0142ecznych i zdrowotnych Poddzia\u0142anie 9.2.1 Rozw\u00f3j wysokiej jako\u015bci us\u0142ug spo\u0142ecznych.<\/p>\n<p><a href=\"http:\/\/laczna2.opslaczna.pl\/wp-content\/uploads\/2022\/04\/7_-WYJAZD-EDUKACYJNY.zip\">7_ WYJAZD EDUKACYJNY<\/a><\/p>\n<p><\/p>\t\t\t\t\t\t\t\t<\/div>\n\t\t\t\t<\/div>\n\t\t\t\t\t<\/div>\n\t\t<\/div>\n\t\t\t\t\t<\/div>\n\t\t<\/section>\n\t\t\t\t<\/div>\n\t\t","protected":false},"excerpt":{"rendered":"<p>Gmina \u0141\u0105czna\/Gminny O\u015brodek Pomocy Spo\u0142ecznej w \u0141\u0105cznej\u00a0zaprasza do sk\u0142adania ofert w post\u0119powaniu pn. \u201eUs\u0142uga organizacji wyjazd\u00f3w edukacyjnych dla uczestnik\u00f3w projektu\u201d \u201eWspieramy rodziny w gminie \u0141\u0105czna\u201d Projekt jest wsp\u00f3\u0142finansowany ze \u015brodk\u00f3w Unii Europejskiej w ramach Europejskiego Funduszu Spo\u0142ecznego, Regionalnego Programu Operacyjnego Wojew\u00f3dztwa \u015awi\u0119tokrzyskiego na lata 2014-2020 (RPOW\u015a 2014-2020). O\u015b Priorytetowa IX. W\u0142\u0105czenie spo\u0142eczne i walka z &hellip; <\/p>\n","protected":false},"author":3,"featured_media":0,"comment_status":"closed","ping_status":"","sticky":false,"template":"","format":"standard","meta":{"footnotes":""},"categories":[2],"tags":[],"class_list":["post-690","post","type-post","status-publish","format-standard","hentry","category-aktualnosci"],"_links":{"self":[{"href":"https:\/\/opslaczna.pl\/index.php?rest_route=\/wp\/v2\/posts\/690","targetHints":{"allow":["GET"]}}],"collection":[{"href":"https:\/\/opslaczna.pl\/index.php?rest_route=\/wp\/v2\/posts"}],"about":[{"href":"https:\/\/opslaczna.pl\/index.php?rest_route=\/wp\/v2\/types\/post"}],"author":[{"embeddable":true,"href":"https:\/\/opslaczna.pl\/index.php?rest_route=\/wp\/v2\/users\/3"}],"replies":[{"embeddable":true,"href":"https:\/\/opslaczna.pl\/index.php?rest_route=%2Fwp%2Fv2%2Fcomments&post=690"}],"version-history":[{"count":4,"href":"https:\/\/opslaczna.pl\/index.php?rest_route=\/wp\/v2\/posts\/690\/revisions"}],"predecessor-version":[{"id":695,"href":"https:\/\/opslaczna.pl\/index.php?rest_route=\/wp\/v2\/posts\/690\/revisions\/695"}],"wp:attachment":[{"href":"https:\/\/opslaczna.pl\/index.php?rest_route=%2Fwp%2Fv2%2Fmedia&parent=690"}],"wp:term":[{"taxonomy":"category","embeddable":true,"href":"https:\/\/opslaczna.pl\/index.php?rest_route=%2Fwp%2Fv2%2Fcategories&post=690"},{"taxonomy":"post_tag","embeddable":true,"href":"https:\/\/opslaczna.pl\/index.php?rest_route=%2Fwp%2Fv2%2Ftags&post=690"}],"curies":[{"name":"wp","href":"https:\/\/api.w.org\/{rel}","templated":true}]}}