{"id":672,"date":"2022-04-22T06:45:10","date_gmt":"2022-04-22T06:45:10","guid":{"rendered":"http:\/\/laczna2.opslaczna.pl\/?p=672"},"modified":"2022-04-22T06:45:49","modified_gmt":"2022-04-22T06:45:49","slug":"informacja-4","status":"publish","type":"post","link":"https:\/\/opslaczna.pl\/?p=672","title":{"rendered":"Informacja"},"content":{"rendered":"\t\t<div data-elementor-type=\"wp-post\" data-elementor-id=\"672\" class=\"elementor elementor-672\">\n\t\t\t\t\t\t<section class=\"elementor-section elementor-top-section elementor-element elementor-element-a155472 elementor-section-boxed elementor-section-height-default elementor-section-height-default\" data-id=\"a155472\" data-element_type=\"section\">\n\t\t\t\t\t\t<div class=\"elementor-container elementor-column-gap-default\">\n\t\t\t\t\t<div class=\"elementor-column elementor-col-100 elementor-top-column elementor-element elementor-element-a737d04\" data-id=\"a737d04\" data-element_type=\"column\">\n\t\t\t<div class=\"elementor-widget-wrap elementor-element-populated\">\n\t\t\t\t\t\t<div class=\"elementor-element elementor-element-b938877 elementor-widget elementor-widget-text-editor\" data-id=\"b938877\" data-element_type=\"widget\" data-widget_type=\"text-editor.default\">\n\t\t\t\t<div class=\"elementor-widget-container\">\n\t\t\t\t\t\t\t\t\t<p style=\"text-align: center;\">Dnia <strong>26 kwietnia 2022<\/strong> roku b\u0119dzie wyp\u0142acany dodatek os\u0142onowy<\/p><p style=\"text-align: center;\">\u00a0(<u>wnioski z lutego)<\/u><\/p><p style=\"text-align: center;\">na rachunki bankowe<\/p><p style=\"text-align: center;\">oraz<\/p><p style=\"text-align: center;\">w kasie Urz\u0119du Gminy w \u0141\u0105cznej w godz: 8:30 \u2013 13:00<\/p>\t\t\t\t\t\t\t\t<\/div>\n\t\t\t\t<\/div>\n\t\t\t\t\t<\/div>\n\t\t<\/div>\n\t\t\t\t\t<\/div>\n\t\t<\/section>\n\t\t\t\t<\/div>\n\t\t","protected":false},"excerpt":{"rendered":"<p>Dnia 26 kwietnia 2022 roku b\u0119dzie wyp\u0142acany dodatek os\u0142onowy \u00a0(wnioski z lutego) na rachunki bankowe oraz w kasie Urz\u0119du Gminy w \u0141\u0105cznej w godz: 8:30 \u2013 13:00<\/p>\n","protected":false},"author":2,"featured_media":0,"comment_status":"closed","ping_status":"","sticky":false,"template":"","format":"standard","meta":{"footnotes":""},"categories":[2],"tags":[],"class_list":["post-672","post","type-post","status-publish","format-standard","hentry","category-aktualnosci"],"_links":{"self":[{"href":"https:\/\/opslaczna.pl\/index.php?rest_route=\/wp\/v2\/posts\/672","targetHints":{"allow":["GET"]}}],"collection":[{"href":"https:\/\/opslaczna.pl\/index.php?rest_route=\/wp\/v2\/posts"}],"about":[{"href":"https:\/\/opslaczna.pl\/index.php?rest_route=\/wp\/v2\/types\/post"}],"author":[{"embeddable":true,"href":"https:\/\/opslaczna.pl\/index.php?rest_route=\/wp\/v2\/users\/2"}],"replies":[{"embeddable":true,"href":"https:\/\/opslaczna.pl\/index.php?rest_route=%2Fwp%2Fv2%2Fcomments&post=672"}],"version-history":[{"count":4,"href":"https:\/\/opslaczna.pl\/index.php?rest_route=\/wp\/v2\/posts\/672\/revisions"}],"predecessor-version":[{"id":676,"href":"https:\/\/opslaczna.pl\/index.php?rest_route=\/wp\/v2\/posts\/672\/revisions\/676"}],"wp:attachment":[{"href":"https:\/\/opslaczna.pl\/index.php?rest_route=%2Fwp%2Fv2%2Fmedia&parent=672"}],"wp:term":[{"taxonomy":"category","embeddable":true,"href":"https:\/\/opslaczna.pl\/index.php?rest_route=%2Fwp%2Fv2%2Fcategories&post=672"},{"taxonomy":"post_tag","embeddable":true,"href":"https:\/\/opslaczna.pl\/index.php?rest_route=%2Fwp%2Fv2%2Ftags&post=672"}],"curies":[{"name":"wp","href":"https:\/\/api.w.org\/{rel}","templated":true}]}}