{"id":633,"date":"2022-03-28T12:42:44","date_gmt":"2022-03-28T12:42:44","guid":{"rendered":"http:\/\/laczna2.opslaczna.pl\/?p=633"},"modified":"2022-03-28T12:43:43","modified_gmt":"2022-03-28T12:43:43","slug":"informacja-3","status":"publish","type":"post","link":"https:\/\/opslaczna.pl\/?p=633","title":{"rendered":"Informacja"},"content":{"rendered":"\t\t<div data-elementor-type=\"wp-post\" data-elementor-id=\"633\" class=\"elementor elementor-633\">\n\t\t\t\t\t\t<section class=\"elementor-section elementor-top-section elementor-element elementor-element-fcf791e elementor-section-boxed elementor-section-height-default elementor-section-height-default\" data-id=\"fcf791e\" data-element_type=\"section\">\n\t\t\t\t\t\t<div class=\"elementor-container elementor-column-gap-default\">\n\t\t\t\t\t<div class=\"elementor-column elementor-col-100 elementor-top-column elementor-element elementor-element-d78211c\" data-id=\"d78211c\" data-element_type=\"column\">\n\t\t\t<div class=\"elementor-widget-wrap elementor-element-populated\">\n\t\t\t\t\t\t<div class=\"elementor-element elementor-element-e23b359 elementor-widget elementor-widget-text-editor\" data-id=\"e23b359\" data-element_type=\"widget\" data-widget_type=\"text-editor.default\">\n\t\t\t\t<div class=\"elementor-widget-container\">\n\t\t\t\t\t\t\t\t\t<p style=\"text-align: center;\"><u>INFORMACJA<\/u><\/p><p style=\"text-align: center;\"><u>\u00a0<\/u><strong><u>I rata dodatku os\u0142onowego <\/u><\/strong>\u00a0<\/p><p style=\"text-align: center;\">( wnioski ze stycznia)<\/p><p style=\"text-align: center;\">b\u0119dzie wyp\u0142acana dnia <strong>29 marca 2022 roku<\/strong> na rachunki bankowe<\/p><p style=\"text-align: center;\">oraz w kasie Urz\u0119du Gminy w \u0141\u0105cznej w godz. 8.30-13.00<\/p><p style=\"text-align: center;\">\u00a0<\/p><p style=\"text-align: center;\"><strong><u>II rata dodatku os\u0142onowego<\/u><\/strong><\/p><p style=\"text-align: center;\">b\u0119dzie wyp\u0142acana dnia <strong>12 kwietnia 2022 roku<\/strong><\/p><p style=\"text-align: center;\">wed\u0142ug dyspozycji wnioskodawc\u00f3w.<\/p><p style=\"text-align: center;\">\u00a0<\/p>\t\t\t\t\t\t\t\t<\/div>\n\t\t\t\t<\/div>\n\t\t\t\t\t<\/div>\n\t\t<\/div>\n\t\t\t\t\t<\/div>\n\t\t<\/section>\n\t\t\t\t<\/div>\n\t\t","protected":false},"excerpt":{"rendered":"<p>INFORMACJA \u00a0I rata dodatku os\u0142onowego \u00a0 ( wnioski ze stycznia) b\u0119dzie wyp\u0142acana dnia 29 marca 2022 roku na rachunki bankowe oraz w kasie Urz\u0119du Gminy w \u0141\u0105cznej w godz. 8.30-13.00 \u00a0 II rata dodatku os\u0142onowego b\u0119dzie wyp\u0142acana dnia 12 kwietnia 2022 roku wed\u0142ug dyspozycji wnioskodawc\u00f3w. \u00a0<\/p>\n","protected":false},"author":2,"featured_media":0,"comment_status":"closed","ping_status":"","sticky":false,"template":"","format":"standard","meta":{"footnotes":""},"categories":[2],"tags":[],"class_list":["post-633","post","type-post","status-publish","format-standard","hentry","category-aktualnosci"],"_links":{"self":[{"href":"https:\/\/opslaczna.pl\/index.php?rest_route=\/wp\/v2\/posts\/633","targetHints":{"allow":["GET"]}}],"collection":[{"href":"https:\/\/opslaczna.pl\/index.php?rest_route=\/wp\/v2\/posts"}],"about":[{"href":"https:\/\/opslaczna.pl\/index.php?rest_route=\/wp\/v2\/types\/post"}],"author":[{"embeddable":true,"href":"https:\/\/opslaczna.pl\/index.php?rest_route=\/wp\/v2\/users\/2"}],"replies":[{"embeddable":true,"href":"https:\/\/opslaczna.pl\/index.php?rest_route=%2Fwp%2Fv2%2Fcomments&post=633"}],"version-history":[{"count":4,"href":"https:\/\/opslaczna.pl\/index.php?rest_route=\/wp\/v2\/posts\/633\/revisions"}],"predecessor-version":[{"id":637,"href":"https:\/\/opslaczna.pl\/index.php?rest_route=\/wp\/v2\/posts\/633\/revisions\/637"}],"wp:attachment":[{"href":"https:\/\/opslaczna.pl\/index.php?rest_route=%2Fwp%2Fv2%2Fmedia&parent=633"}],"wp:term":[{"taxonomy":"category","embeddable":true,"href":"https:\/\/opslaczna.pl\/index.php?rest_route=%2Fwp%2Fv2%2Fcategories&post=633"},{"taxonomy":"post_tag","embeddable":true,"href":"https:\/\/opslaczna.pl\/index.php?rest_route=%2Fwp%2Fv2%2Ftags&post=633"}],"curies":[{"name":"wp","href":"https:\/\/api.w.org\/{rel}","templated":true}]}}