{"id":627,"date":"2022-03-23T11:51:58","date_gmt":"2022-03-23T11:51:58","guid":{"rendered":"http:\/\/laczna2.opslaczna.pl\/?p=627"},"modified":"2022-03-23T11:52:21","modified_gmt":"2022-03-23T11:52:21","slug":"informacja-o-wyborze-najkorzystniejszej-oferty-w-postepowaniunr-9-2-1-4-2022","status":"publish","type":"post","link":"https:\/\/opslaczna.pl\/?p=627","title":{"rendered":"Informacja o wyborze najkorzystniejszej oferty w post\u0119powaniu<br>nr 9.2.1-4\/2022"},"content":{"rendered":"\t\t<div data-elementor-type=\"wp-post\" data-elementor-id=\"627\" class=\"elementor elementor-627\">\n\t\t\t\t\t\t<section class=\"elementor-section elementor-top-section elementor-element elementor-element-4d3c9ba8 elementor-section-boxed elementor-section-height-default elementor-section-height-default\" data-id=\"4d3c9ba8\" data-element_type=\"section\">\n\t\t\t\t\t\t<div class=\"elementor-container elementor-column-gap-default\">\n\t\t\t\t\t<div class=\"elementor-column elementor-col-100 elementor-top-column elementor-element elementor-element-29a80ab9\" data-id=\"29a80ab9\" data-element_type=\"column\">\n\t\t\t<div class=\"elementor-widget-wrap elementor-element-populated\">\n\t\t\t\t\t\t<div class=\"elementor-element elementor-element-3ee13dc3 elementor-widget elementor-widget-text-editor\" data-id=\"3ee13dc3\" data-element_type=\"widget\" data-widget_type=\"text-editor.default\">\n\t\t\t\t<div class=\"elementor-widget-container\">\n\t\t\t\t\t\t\t\t\t<p><\/p>\n<p>Zamawiaj\u0105cy informuje, i\u017c w drodze przeprowadzonego post\u0119powania dotycz\u0105cego zam\u00f3wienia publicznego pn<a>.<\/a><strong> \u201eZakup i dostawa akcesori\u00f3w i sprz\u0119tu kuchennego\u201d <\/strong>zosta\u0142a wybrana oferta firm:<\/p>\n<p><\/p>\n<p><\/p>\n<p>Fundacja Bli\u017cej Ludzi ul. Barwinek 6\/18 25-150 Kielce, <strong>Podmiot Ekonomii Spo\u0142ecznej<\/strong> oferowana cena brutto <strong>6 945,00 z\u0142<\/strong><\/p>\n<p><strong><a href=\"http:\/\/laczna2.opslaczna.pl\/wp-content\/uploads\/2022\/03\/Informacja-o-wyborze-oferty-9.1.2-4-2022.pdf\">Informacja o wyborze oferty 9.1.2-4-2022<\/a><\/strong><\/p>\n<p><\/p>\t\t\t\t\t\t\t\t<\/div>\n\t\t\t\t<\/div>\n\t\t\t\t\t<\/div>\n\t\t<\/div>\n\t\t\t\t\t<\/div>\n\t\t<\/section>\n\t\t\t\t<\/div>\n\t\t","protected":false},"excerpt":{"rendered":"<p>Zamawiaj\u0105cy informuje, i\u017c w drodze przeprowadzonego post\u0119powania dotycz\u0105cego zam\u00f3wienia publicznego pn. \u201eZakup i dostawa akcesori\u00f3w i sprz\u0119tu kuchennego\u201d zosta\u0142a wybrana oferta firm: Fundacja Bli\u017cej Ludzi ul. Barwinek 6\/18 25-150 Kielce, Podmiot Ekonomii Spo\u0142ecznej oferowana cena brutto 6 945,00 z\u0142 Informacja o wyborze oferty 9.1.2-4-2022<\/p>\n","protected":false},"author":3,"featured_media":0,"comment_status":"closed","ping_status":"","sticky":false,"template":"","format":"standard","meta":{"footnotes":""},"categories":[2],"tags":[],"class_list":["post-627","post","type-post","status-publish","format-standard","hentry","category-aktualnosci"],"_links":{"self":[{"href":"https:\/\/opslaczna.pl\/index.php?rest_route=\/wp\/v2\/posts\/627","targetHints":{"allow":["GET"]}}],"collection":[{"href":"https:\/\/opslaczna.pl\/index.php?rest_route=\/wp\/v2\/posts"}],"about":[{"href":"https:\/\/opslaczna.pl\/index.php?rest_route=\/wp\/v2\/types\/post"}],"author":[{"embeddable":true,"href":"https:\/\/opslaczna.pl\/index.php?rest_route=\/wp\/v2\/users\/3"}],"replies":[{"embeddable":true,"href":"https:\/\/opslaczna.pl\/index.php?rest_route=%2Fwp%2Fv2%2Fcomments&post=627"}],"version-history":[{"count":4,"href":"https:\/\/opslaczna.pl\/index.php?rest_route=\/wp\/v2\/posts\/627\/revisions"}],"predecessor-version":[{"id":632,"href":"https:\/\/opslaczna.pl\/index.php?rest_route=\/wp\/v2\/posts\/627\/revisions\/632"}],"wp:attachment":[{"href":"https:\/\/opslaczna.pl\/index.php?rest_route=%2Fwp%2Fv2%2Fmedia&parent=627"}],"wp:term":[{"taxonomy":"category","embeddable":true,"href":"https:\/\/opslaczna.pl\/index.php?rest_route=%2Fwp%2Fv2%2Fcategories&post=627"},{"taxonomy":"post_tag","embeddable":true,"href":"https:\/\/opslaczna.pl\/index.php?rest_route=%2Fwp%2Fv2%2Ftags&post=627"}],"curies":[{"name":"wp","href":"https:\/\/api.w.org\/{rel}","templated":true}]}}