{"id":610,"date":"2022-03-23T07:31:02","date_gmt":"2022-03-23T07:31:02","guid":{"rendered":"http:\/\/laczna2.opslaczna.pl\/?p=610"},"modified":"2022-03-23T07:32:38","modified_gmt":"2022-03-23T07:32:38","slug":"ogloszenie-5","status":"publish","type":"post","link":"https:\/\/opslaczna.pl\/?p=610","title":{"rendered":"Og\u0142oszenie"},"content":{"rendered":"\t\t<div data-elementor-type=\"wp-post\" data-elementor-id=\"610\" class=\"elementor elementor-610\">\n\t\t\t\t\t\t<section class=\"elementor-section elementor-top-section elementor-element elementor-element-33dba76 elementor-section-boxed elementor-section-height-default elementor-section-height-default\" data-id=\"33dba76\" data-element_type=\"section\">\n\t\t\t\t\t\t<div class=\"elementor-container elementor-column-gap-default\">\n\t\t\t\t\t<div class=\"elementor-column elementor-col-100 elementor-top-column elementor-element elementor-element-da9aa9c\" data-id=\"da9aa9c\" data-element_type=\"column\">\n\t\t\t<div class=\"elementor-widget-wrap elementor-element-populated\">\n\t\t\t\t\t\t<div class=\"elementor-element elementor-element-6f1e1f0 elementor-widget elementor-widget-text-editor\" data-id=\"6f1e1f0\" data-element_type=\"widget\" data-widget_type=\"text-editor.default\">\n\t\t\t\t<div class=\"elementor-widget-container\">\n\t\t\t\t\t\t\t\t\t<p style=\"text-align: center;\"><strong>W\u00f3jt Gminy \u0141\u0105czna, Gminny O\u015brodek Pomocy Spo\u0142ecznej w \u0141\u0105cznej oraz Polski Komitet Pomocy Spo\u0142ecznej w \u0141\u0105cznej informuje, i\u017c wydawanie \u017cywno\u015bci osobom, kt\u00f3re uzyska\u0142y skierowanie<br \/>odb\u0119dzie si\u0119\u00a0 w dniach:<\/strong><\/p><p style=\"text-align: center;\"><span style=\"color: #ff0000;\"><strong>26 marzec 2022 (sobota) oraz 28 marzec 2022 (poniedzia\u0142ek)<br \/>w godzinach 9:00 \u2013 14:00<\/strong><\/span><\/p><p style=\"text-align: center;\">\u00a0<\/p><p style=\"text-align: center;\"><strong><u>\u017bywno\u015b\u0107 wydawana b\u0119dzie w magazynie PKPS &#8211; \u0141\u0105czna 115<\/u><\/strong><\/p><p style=\"text-align: center;\"><strong><u>(przy budynku ZGK \u0141\u0105czna)<\/u><\/strong><\/p>\t\t\t\t\t\t\t\t<\/div>\n\t\t\t\t<\/div>\n\t\t\t\t\t<\/div>\n\t\t<\/div>\n\t\t\t\t\t<\/div>\n\t\t<\/section>\n\t\t\t\t<\/div>\n\t\t","protected":false},"excerpt":{"rendered":"<p>W\u00f3jt Gminy \u0141\u0105czna, Gminny O\u015brodek Pomocy Spo\u0142ecznej w \u0141\u0105cznej oraz Polski Komitet Pomocy Spo\u0142ecznej w \u0141\u0105cznej informuje, i\u017c wydawanie \u017cywno\u015bci osobom, kt\u00f3re uzyska\u0142y skierowanieodb\u0119dzie si\u0119\u00a0 w dniach: 26 marzec 2022 (sobota) oraz 28 marzec 2022 (poniedzia\u0142ek)w godzinach 9:00 \u2013 14:00 \u00a0 \u017bywno\u015b\u0107 wydawana b\u0119dzie w magazynie PKPS &#8211; \u0141\u0105czna 115 (przy budynku ZGK \u0141\u0105czna)<\/p>\n","protected":false},"author":2,"featured_media":0,"comment_status":"closed","ping_status":"","sticky":false,"template":"","format":"standard","meta":{"footnotes":""},"categories":[2],"tags":[],"class_list":["post-610","post","type-post","status-publish","format-standard","hentry","category-aktualnosci"],"_links":{"self":[{"href":"https:\/\/opslaczna.pl\/index.php?rest_route=\/wp\/v2\/posts\/610","targetHints":{"allow":["GET"]}}],"collection":[{"href":"https:\/\/opslaczna.pl\/index.php?rest_route=\/wp\/v2\/posts"}],"about":[{"href":"https:\/\/opslaczna.pl\/index.php?rest_route=\/wp\/v2\/types\/post"}],"author":[{"embeddable":true,"href":"https:\/\/opslaczna.pl\/index.php?rest_route=\/wp\/v2\/users\/2"}],"replies":[{"embeddable":true,"href":"https:\/\/opslaczna.pl\/index.php?rest_route=%2Fwp%2Fv2%2Fcomments&post=610"}],"version-history":[{"count":7,"href":"https:\/\/opslaczna.pl\/index.php?rest_route=\/wp\/v2\/posts\/610\/revisions"}],"predecessor-version":[{"id":617,"href":"https:\/\/opslaczna.pl\/index.php?rest_route=\/wp\/v2\/posts\/610\/revisions\/617"}],"wp:attachment":[{"href":"https:\/\/opslaczna.pl\/index.php?rest_route=%2Fwp%2Fv2%2Fmedia&parent=610"}],"wp:term":[{"taxonomy":"category","embeddable":true,"href":"https:\/\/opslaczna.pl\/index.php?rest_route=%2Fwp%2Fv2%2Fcategories&post=610"},{"taxonomy":"post_tag","embeddable":true,"href":"https:\/\/opslaczna.pl\/index.php?rest_route=%2Fwp%2Fv2%2Ftags&post=610"}],"curies":[{"name":"wp","href":"https:\/\/api.w.org\/{rel}","templated":true}]}}