{"id":555,"date":"2022-02-21T13:51:27","date_gmt":"2022-02-21T13:51:27","guid":{"rendered":"http:\/\/laczna2.opslaczna.pl\/?p=555"},"modified":"2022-02-21T13:55:07","modified_gmt":"2022-02-21T13:55:07","slug":"555","status":"publish","type":"post","link":"https:\/\/opslaczna.pl\/?p=555","title":{"rendered":""},"content":{"rendered":"\t\t<div data-elementor-type=\"wp-post\" data-elementor-id=\"555\" class=\"elementor elementor-555\">\n\t\t\t\t\t\t<section class=\"elementor-section elementor-top-section elementor-element elementor-element-4e822200 elementor-section-boxed elementor-section-height-default elementor-section-height-default\" data-id=\"4e822200\" data-element_type=\"section\">\n\t\t\t\t\t\t<div class=\"elementor-container elementor-column-gap-default\">\n\t\t\t\t\t<div class=\"elementor-column elementor-col-100 elementor-top-column elementor-element elementor-element-3e0c557b\" data-id=\"3e0c557b\" data-element_type=\"column\">\n\t\t\t<div class=\"elementor-widget-wrap elementor-element-populated\">\n\t\t\t\t\t\t<div class=\"elementor-element elementor-element-af31466 elementor-widget elementor-widget-text-editor\" data-id=\"af31466\" data-element_type=\"widget\" data-widget_type=\"text-editor.default\">\n\t\t\t\t<div class=\"elementor-widget-container\">\n\t\t\t\t\t\t\t\t\t<p><\/p>\n<p><strong>ZAPYTANIE OFERTOWE nr 9.2.1-1\/2022 pt. &#8222;Dostawa artyku\u0142\u00f3w plastycznych i pi\u015bmienniczych oraz \u015brodk\u00f3w czysto\u015bci i artyku\u0142\u00f3w higienicznych\u201d<\/strong><\/p>\n<p><\/p>\n<p><\/p>\n<p><\/p>\n<p>Gmina \u0141\u0105czna\/Gminny O\u015brodek Pomocy Spo\u0142ecznej w \u0141\u0105cznej zaprasza do sk\u0142adania ofert w post\u0119powaniu nr 9.2.1-1\/2022 dotycz\u0105cym realizacji zam\u00f3wienia publicznego pn<strong>. &#8222;Dostawa <\/strong><strong>artyku\u0142\u00f3w plastycznych i pi\u015bmienniczych oraz \u015brodk\u00f3w czysto\u015bci i artyku\u0142\u00f3w higienicznych\u201d<\/strong> w ramach projektu pn.: \u201eWspieramy rodziny w gminie \u0141\u0105czna\u201d. Projekt jest wsp\u00f3\u0142finansowany ze \u015brodk\u00f3w Unii Europejskiej w ramach Europejskiego Funduszu Spo\u0142ecznego, Regionalnego Programu Operacyjnego Wojew\u00f3dztwa \u015awi\u0119tokrzyskiego na lata 2014-2020 (RPOW\u015a 2014-2020). O\u015b Priorytetowa IX. W\u0142\u0105czenie spo\u0142eczne i walka z ub\u00f3stwem Dzia\u0142anie 9.2 U\u0142atwienie dost\u0119pu do wysokiej jako\u015bci us\u0142ug spo\u0142ecznych i zdrowotnych Poddzia\u0142anie 9.2.1 Rozw\u00f3j wysokiej jako\u015bci us\u0142ug spo\u0142ecznych.<\/p>\n<p><a href=\"http:\/\/laczna2.opslaczna.pl\/wp-content\/uploads\/2022\/02\/1_2022-MATERIALY-PLASTYCZNE.zip\">1_2022 MATERIA\u0141Y PLASTYCZNE<\/a><\/p>\n<p><\/p>\t\t\t\t\t\t\t\t<\/div>\n\t\t\t\t<\/div>\n\t\t\t\t\t<\/div>\n\t\t<\/div>\n\t\t\t\t\t<\/div>\n\t\t<\/section>\n\t\t\t\t<\/div>\n\t\t","protected":false},"excerpt":{"rendered":"<p>ZAPYTANIE OFERTOWE nr 9.2.1-1\/2022 pt. &#8222;Dostawa artyku\u0142\u00f3w plastycznych i pi\u015bmienniczych oraz \u015brodk\u00f3w czysto\u015bci i artyku\u0142\u00f3w higienicznych\u201d Gmina \u0141\u0105czna\/Gminny O\u015brodek Pomocy Spo\u0142ecznej w \u0141\u0105cznej zaprasza do sk\u0142adania ofert w post\u0119powaniu nr 9.2.1-1\/2022 dotycz\u0105cym realizacji zam\u00f3wienia publicznego pn. &#8222;Dostawa artyku\u0142\u00f3w plastycznych i pi\u015bmienniczych oraz \u015brodk\u00f3w czysto\u015bci i artyku\u0142\u00f3w higienicznych\u201d w ramach projektu pn.: \u201eWspieramy rodziny w gminie &hellip; <\/p>\n","protected":false},"author":3,"featured_media":0,"comment_status":"closed","ping_status":"","sticky":false,"template":"","format":"standard","meta":{"footnotes":""},"categories":[2],"tags":[],"class_list":["post-555","post","type-post","status-publish","format-standard","hentry","category-aktualnosci"],"_links":{"self":[{"href":"https:\/\/opslaczna.pl\/index.php?rest_route=\/wp\/v2\/posts\/555","targetHints":{"allow":["GET"]}}],"collection":[{"href":"https:\/\/opslaczna.pl\/index.php?rest_route=\/wp\/v2\/posts"}],"about":[{"href":"https:\/\/opslaczna.pl\/index.php?rest_route=\/wp\/v2\/types\/post"}],"author":[{"embeddable":true,"href":"https:\/\/opslaczna.pl\/index.php?rest_route=\/wp\/v2\/users\/3"}],"replies":[{"embeddable":true,"href":"https:\/\/opslaczna.pl\/index.php?rest_route=%2Fwp%2Fv2%2Fcomments&post=555"}],"version-history":[{"count":4,"href":"https:\/\/opslaczna.pl\/index.php?rest_route=\/wp\/v2\/posts\/555\/revisions"}],"predecessor-version":[{"id":560,"href":"https:\/\/opslaczna.pl\/index.php?rest_route=\/wp\/v2\/posts\/555\/revisions\/560"}],"wp:attachment":[{"href":"https:\/\/opslaczna.pl\/index.php?rest_route=%2Fwp%2Fv2%2Fmedia&parent=555"}],"wp:term":[{"taxonomy":"category","embeddable":true,"href":"https:\/\/opslaczna.pl\/index.php?rest_route=%2Fwp%2Fv2%2Fcategories&post=555"},{"taxonomy":"post_tag","embeddable":true,"href":"https:\/\/opslaczna.pl\/index.php?rest_route=%2Fwp%2Fv2%2Ftags&post=555"}],"curies":[{"name":"wp","href":"https:\/\/api.w.org\/{rel}","templated":true}]}}