{"id":543,"date":"2022-02-18T09:29:44","date_gmt":"2022-02-18T09:29:44","guid":{"rendered":"http:\/\/laczna2.opslaczna.pl\/?p=543"},"modified":"2022-02-18T09:32:30","modified_gmt":"2022-02-18T09:32:30","slug":"zaproszenie-do-skladania-zgloszen-do-udzialu-w-programie-asystent-osobisty-osoby-niepelnosprawnej-edycja-2022","status":"publish","type":"post","link":"https:\/\/opslaczna.pl\/?p=543","title":{"rendered":"Zaproszenie do sk\u0142adania zg\u0142osze\u0144 do udzia\u0142u w Programie \u201eAsystent osobisty osoby    niepe\u0142nosprawnej\u201d \u2013 edycja 2022"},"content":{"rendered":"\t\t<div data-elementor-type=\"wp-post\" data-elementor-id=\"543\" class=\"elementor elementor-543\">\n\t\t\t\t\t\t<section class=\"elementor-section elementor-top-section elementor-element elementor-element-cf07b4c elementor-section-boxed elementor-section-height-default elementor-section-height-default\" data-id=\"cf07b4c\" data-element_type=\"section\">\n\t\t\t\t\t\t<div class=\"elementor-container elementor-column-gap-default\">\n\t\t\t\t\t<div class=\"elementor-column elementor-col-100 elementor-top-column elementor-element elementor-element-8c80540\" data-id=\"8c80540\" data-element_type=\"column\">\n\t\t\t<div class=\"elementor-widget-wrap elementor-element-populated\">\n\t\t\t\t\t\t<div class=\"elementor-element elementor-element-e1d98f4 elementor-widget elementor-widget-text-editor\" data-id=\"e1d98f4\" data-element_type=\"widget\" data-widget_type=\"text-editor.default\">\n\t\t\t\t<div class=\"elementor-widget-container\">\n\t\t\t\t\t\t\t\t\t<p><img decoding=\"async\" class=\"size-medium wp-image-545 aligncenter\" style=\"font-size: 1rem;\" src=\"http:\/\/laczna2.opslaczna.pl\/wp-content\/uploads\/2022\/02\/mpips-300x120.png\" alt=\"\" width=\"300\" height=\"120\" srcset=\"https:\/\/opslaczna.pl\/wp-content\/uploads\/2022\/02\/mpips-300x120.png 300w, https:\/\/opslaczna.pl\/wp-content\/uploads\/2022\/02\/mpips.png 420w\" sizes=\"(max-width: 300px) 100vw, 300px\" \/>\u00a0\u00a0\u00a0\u00a0<\/p><p>Gminny O\u015brodek Pomocy Spo\u0142ecznej w \u0141\u0105cznej\u00a0 informuje, i\u017c Gmina \u0141\u0105czna przyst\u0119puje do realizacji w 2022 roku Programu \u201eAsystent osobisty osoby niepe\u0142nosprawnej\u201d \u2013 edycja 2022, realizowanego w ramach Solidarno\u015bciowego Funduszu Wsparcia Os\u00f3b Niepe\u0142nosprawnych.<\/p><p>Program \u201dAsystent osobisty osoby niepe\u0142nosprawnej\u201d- edycja 2022, ma na celu zapewnienie dost\u0119pno\u015bci do us\u0142ug asystencji osobistej, tj. wsparcia w wykonywaniu codziennych czynno\u015bci oraz funkcjonowaniu w \u017cyciu spo\u0142ecznym os\u00f3b niepe\u0142nosprawnych.<\/p><p>\u00a0\u00a0 Program jest elementem polityki spo\u0142ecznej pa\u0144stwa w zakresie:<\/p><p>&#8211;\u00a0 poprawa jako\u015bci \u017cycia os\u00f3b niepe\u0142nosprawnych, w szczeg\u00f3lno\u015bci poprzez umo\u017cliwienie im jak najbardziej niezale\u017cnego \u017cycia,<\/p><p>&#8211;\u00a0 wsparcia os\u00f3b niepe\u0142nosprawnych oraz zapewnienia pomocy adekwatnej do potrzeb;<\/p><p>&#8211; uczestnictwa os\u00f3b niepe\u0142nosprawnych w wydarzeniach spo\u0142ecznych, kulturalnych, rozrywkowych, itp.<br \/>\u00a0Pomoc w postaci us\u0142ugi asystenta osobistego osoby niepe\u0142nosprawnej, zwanego dalej \u201easystentem\u201d, ma na celu zapewnienie wsparcia w wykonywaniu codziennych czynno\u015bci w miejscu zamieszkania oraz funkcjonowaniu w \u017cyciu spo\u0142ecznym dzieciom do 16 roku \u017cycia z orzeczeniem o niepe\u0142nosprawno\u015bci \u0142\u0105cznie ze wskazaniami: konieczno\u015bci sta\u0142ej lub d\u0142ugotrwa\u0142ej opieki lub pomocy innej osoby w zwi\u0105zku ze znacznie ograniczon\u0105 mo\u017cliwo\u015bci\u0105 samodzielnej egzystencji oraz konieczno\u015bci sta\u0142ego wsp\u00f3\u0142udzia\u0142u na co dzie\u0144 opiekuna dziecka w procesie leczenia, rehabilitacji i edukacji oraz osobom niepe\u0142nosprawnym posiadaj\u0105cym orzeczenie o znacznym lub umiarkowanym stopniu niepe\u0142nosprawno\u015bci<strong>,<\/strong> zgodnie z ustaw\u0105 z dnia 27 sierpnia 1997 r. o rehabilitacji zawodowej i spo\u0142ecznej oraz zatrudnianiu os\u00f3b niepe\u0142nosprawnych albo orzeczenie r\u00f3wnowa\u017cne do wy\u017cej wymienionego, zwanych dalej \u201euczestnikami Programu\u201d.<\/p><p>\u00a0Maj\u0105c na wzgl\u0119dzie powy\u017csze zwracamy si\u0119 do os\u00f3b zainteresowanych t\u0105 form\u0105 wsparcia o kontakt osobisty\u00a0 w siedzibie GOPS w \u0141\u0105cznej, Kamionki 60 lub telefonicznie pod numerem<br \/>tel. 41 25-48-479.<\/p>\t\t\t\t\t\t\t\t<\/div>\n\t\t\t\t<\/div>\n\t\t\t\t\t<\/div>\n\t\t<\/div>\n\t\t\t\t\t<\/div>\n\t\t<\/section>\n\t\t\t\t<\/div>\n\t\t","protected":false},"excerpt":{"rendered":"<p>\u00a0\u00a0\u00a0\u00a0 Gminny O\u015brodek Pomocy Spo\u0142ecznej w \u0141\u0105cznej\u00a0 informuje, i\u017c Gmina \u0141\u0105czna przyst\u0119puje do realizacji w 2022 roku Programu \u201eAsystent osobisty osoby niepe\u0142nosprawnej\u201d \u2013 edycja 2022, realizowanego w ramach Solidarno\u015bciowego Funduszu Wsparcia Os\u00f3b Niepe\u0142nosprawnych. Program \u201dAsystent osobisty osoby niepe\u0142nosprawnej\u201d- edycja 2022, ma na celu zapewnienie dost\u0119pno\u015bci do us\u0142ug asystencji osobistej, tj. wsparcia w wykonywaniu codziennych czynno\u015bci &hellip; <\/p>\n","protected":false},"author":2,"featured_media":0,"comment_status":"closed","ping_status":"","sticky":false,"template":"","format":"standard","meta":{"footnotes":""},"categories":[2],"tags":[],"class_list":["post-543","post","type-post","status-publish","format-standard","hentry","category-aktualnosci"],"_links":{"self":[{"href":"https:\/\/opslaczna.pl\/index.php?rest_route=\/wp\/v2\/posts\/543","targetHints":{"allow":["GET"]}}],"collection":[{"href":"https:\/\/opslaczna.pl\/index.php?rest_route=\/wp\/v2\/posts"}],"about":[{"href":"https:\/\/opslaczna.pl\/index.php?rest_route=\/wp\/v2\/types\/post"}],"author":[{"embeddable":true,"href":"https:\/\/opslaczna.pl\/index.php?rest_route=\/wp\/v2\/users\/2"}],"replies":[{"embeddable":true,"href":"https:\/\/opslaczna.pl\/index.php?rest_route=%2Fwp%2Fv2%2Fcomments&post=543"}],"version-history":[{"count":4,"href":"https:\/\/opslaczna.pl\/index.php?rest_route=\/wp\/v2\/posts\/543\/revisions"}],"predecessor-version":[{"id":548,"href":"https:\/\/opslaczna.pl\/index.php?rest_route=\/wp\/v2\/posts\/543\/revisions\/548"}],"wp:attachment":[{"href":"https:\/\/opslaczna.pl\/index.php?rest_route=%2Fwp%2Fv2%2Fmedia&parent=543"}],"wp:term":[{"taxonomy":"category","embeddable":true,"href":"https:\/\/opslaczna.pl\/index.php?rest_route=%2Fwp%2Fv2%2Fcategories&post=543"},{"taxonomy":"post_tag","embeddable":true,"href":"https:\/\/opslaczna.pl\/index.php?rest_route=%2Fwp%2Fv2%2Ftags&post=543"}],"curies":[{"name":"wp","href":"https:\/\/api.w.org\/{rel}","templated":true}]}}