{"id":511,"date":"2022-01-04T11:58:31","date_gmt":"2022-01-04T11:58:31","guid":{"rendered":"http:\/\/laczna2.opslaczna.pl\/?p=511"},"modified":"2022-01-04T11:59:14","modified_gmt":"2022-01-04T11:59:14","slug":"ogloszenie-4","status":"publish","type":"post","link":"https:\/\/opslaczna.pl\/?p=511","title":{"rendered":"Og\u0142oszenie"},"content":{"rendered":"\t\t<div data-elementor-type=\"wp-post\" data-elementor-id=\"511\" class=\"elementor elementor-511\">\n\t\t\t\t\t\t<section class=\"elementor-section elementor-top-section elementor-element elementor-element-f059763 elementor-section-boxed elementor-section-height-default elementor-section-height-default\" data-id=\"f059763\" data-element_type=\"section\">\n\t\t\t\t\t\t<div class=\"elementor-container elementor-column-gap-default\">\n\t\t\t\t\t<div class=\"elementor-column elementor-col-100 elementor-top-column elementor-element elementor-element-b49200a\" data-id=\"b49200a\" data-element_type=\"column\">\n\t\t\t<div class=\"elementor-widget-wrap elementor-element-populated\">\n\t\t\t\t\t\t<div class=\"elementor-element elementor-element-11337ca elementor-widget elementor-widget-text-editor\" data-id=\"11337ca\" data-element_type=\"widget\" data-widget_type=\"text-editor.default\">\n\t\t\t\t<div class=\"elementor-widget-container\">\n\t\t\t\t\t\t\t\t\t<div class=\"moz-text-html\" lang=\"x-unicode\"><p align=\"center\"><b><span class=\"colour\"><span class=\"size\">OG\u0141OSZENIE<\/span><\/span><\/b><\/p><p align=\"center\"><span class=\"size\">W\u00f3jt Gminy \u0141\u0105czna oraz <\/span><span class=\"size\">Gminny O\u015brodek Pomocy Spo\u0142ecznej w \u0141\u0105cznej informuje, i\u017c osoby <\/span><span class=\"size\">znajduj\u0105ce si\u0119 w trudnej sytuacji finansowej, <\/span><span class=\"size\">zainteresowane uzyskaniem pomocy \u017cywno\u015bciowej realizowanej w ramach POP\u017b 2014-2020, Podprogram 20<\/span><span class=\"size\">2<\/span><span class=\"size\">1<\/span><span class=\"size\">, <\/span><span class=\"size\">mog\u0105 zg\u0142asza\u0107 si\u0119 do siedziby<\/span><b><span class=\"size\"> Gminn<\/span><\/b><b><span class=\"size\">ego<\/span><\/b><b><span class=\"size\"> O\u015brodk<\/span><\/b><b><span class=\"size\">a<\/span><\/b><b><span class=\"size\"> Pomocy Spo\u0142ecznej w \u0141\u0105cznej <\/span><\/b><b><span class=\"size\">(<\/span><\/b><b><span class=\"size\">Kamionki 60; tel.<\/span><\/b><b><span class=\"size\">41\/25-48-479) <\/span><\/b><b><span class=\"size\">wraz z dokumentami potwierdzaj\u0105cymi doch\u00f3d<br \/>z miesi\u0105ca poprzedzaj\u0105cego oraz informacj\u0105 o posiadanym <br \/>gospodarstwie rolnym <\/span><\/b><b> <\/b><b><span class=\"size\">cel<\/span><\/b><b><span class=\"size\">em<\/span><\/b><b> <\/b><b> <\/b><b><span class=\"size\">uzyskania skierowania.<\/span><\/b><\/p><p align=\"center\"><b><span class=\"size\"><u>Od 1 stycznia 2022r. <\/u><\/span><\/b><b><span class=\"size\">k<\/span><\/b><b><span class=\"size\">ryterium dochodowe uprawniaj\u0105ce<br \/>do ubiegania si\u0119 o w\/w pomoc wynosi:<\/span><\/b><\/p><p align=\"center\"><span class=\"size\" style=\"color: #ff0000;\"><span class=\"colour\">1) 1<\/span><span class=\"colour\">707,20<\/span><span class=\"colour\"> z\u0142 dla osoby samotnej,<\/span><\/span><\/p><p align=\"center\"><span class=\"size\" style=\"color: #ff0000;\"><span class=\"colour\">2) 1<\/span><span class=\"colour\">320,00<\/span><span class=\"colour\"> z\u0142 na osob\u0119 w rodzinie.<\/span><\/span><\/p><div>\u00a0<\/div><\/div>\t\t\t\t\t\t\t\t<\/div>\n\t\t\t\t<\/div>\n\t\t\t\t\t<\/div>\n\t\t<\/div>\n\t\t\t\t\t<\/div>\n\t\t<\/section>\n\t\t\t\t<\/div>\n\t\t","protected":false},"excerpt":{"rendered":"<p>OG\u0141OSZENIE W\u00f3jt Gminy \u0141\u0105czna oraz Gminny O\u015brodek Pomocy Spo\u0142ecznej w \u0141\u0105cznej informuje, i\u017c osoby znajduj\u0105ce si\u0119 w trudnej sytuacji finansowej, zainteresowane uzyskaniem pomocy \u017cywno\u015bciowej realizowanej w ramach POP\u017b 2014-2020, Podprogram 2021, mog\u0105 zg\u0142asza\u0107 si\u0119 do siedziby Gminnego O\u015brodka Pomocy Spo\u0142ecznej w \u0141\u0105cznej (Kamionki 60; tel.41\/25-48-479) wraz z dokumentami potwierdzaj\u0105cymi doch\u00f3dz miesi\u0105ca poprzedzaj\u0105cego oraz informacj\u0105 o &hellip; <\/p>\n","protected":false},"author":2,"featured_media":0,"comment_status":"closed","ping_status":"","sticky":false,"template":"","format":"standard","meta":{"footnotes":""},"categories":[2],"tags":[],"class_list":["post-511","post","type-post","status-publish","format-standard","hentry","category-aktualnosci"],"_links":{"self":[{"href":"https:\/\/opslaczna.pl\/index.php?rest_route=\/wp\/v2\/posts\/511","targetHints":{"allow":["GET"]}}],"collection":[{"href":"https:\/\/opslaczna.pl\/index.php?rest_route=\/wp\/v2\/posts"}],"about":[{"href":"https:\/\/opslaczna.pl\/index.php?rest_route=\/wp\/v2\/types\/post"}],"author":[{"embeddable":true,"href":"https:\/\/opslaczna.pl\/index.php?rest_route=\/wp\/v2\/users\/2"}],"replies":[{"embeddable":true,"href":"https:\/\/opslaczna.pl\/index.php?rest_route=%2Fwp%2Fv2%2Fcomments&post=511"}],"version-history":[{"count":4,"href":"https:\/\/opslaczna.pl\/index.php?rest_route=\/wp\/v2\/posts\/511\/revisions"}],"predecessor-version":[{"id":515,"href":"https:\/\/opslaczna.pl\/index.php?rest_route=\/wp\/v2\/posts\/511\/revisions\/515"}],"wp:attachment":[{"href":"https:\/\/opslaczna.pl\/index.php?rest_route=%2Fwp%2Fv2%2Fmedia&parent=511"}],"wp:term":[{"taxonomy":"category","embeddable":true,"href":"https:\/\/opslaczna.pl\/index.php?rest_route=%2Fwp%2Fv2%2Fcategories&post=511"},{"taxonomy":"post_tag","embeddable":true,"href":"https:\/\/opslaczna.pl\/index.php?rest_route=%2Fwp%2Fv2%2Ftags&post=511"}],"curies":[{"name":"wp","href":"https:\/\/api.w.org\/{rel}","templated":true}]}}