{"id":503,"date":"2021-12-29T09:24:08","date_gmt":"2021-12-29T09:24:08","guid":{"rendered":"http:\/\/laczna2.opslaczna.pl\/?p=503"},"modified":"2021-12-29T09:27:32","modified_gmt":"2021-12-29T09:27:32","slug":"zarzadzenie-nr-11-2021","status":"publish","type":"post","link":"https:\/\/opslaczna.pl\/?p=503","title":{"rendered":"Zarz\u0105dzenie Nr 11\/2021"},"content":{"rendered":"\t\t<div data-elementor-type=\"wp-post\" data-elementor-id=\"503\" class=\"elementor elementor-503\">\n\t\t\t\t\t\t<section class=\"elementor-section elementor-top-section elementor-element elementor-element-816ab36 elementor-section-boxed elementor-section-height-default elementor-section-height-default\" data-id=\"816ab36\" data-element_type=\"section\">\n\t\t\t\t\t\t<div class=\"elementor-container elementor-column-gap-default\">\n\t\t\t\t\t<div class=\"elementor-column elementor-col-100 elementor-top-column elementor-element elementor-element-0aa5e4a\" data-id=\"0aa5e4a\" data-element_type=\"column\">\n\t\t\t<div class=\"elementor-widget-wrap elementor-element-populated\">\n\t\t\t\t\t\t<div class=\"elementor-element elementor-element-26b9f15 elementor-widget elementor-widget-text-editor\" data-id=\"26b9f15\" data-element_type=\"widget\" data-widget_type=\"text-editor.default\">\n\t\t\t\t<div class=\"elementor-widget-container\">\n\t\t\t\t\t\t\t\t\t<p style=\"text-align: center;\">Kierownika Gminnego O\u015brodka Pomocy Spo\u0142ecznej w \u0141\u0105cznej<br \/>z\u00a0dnia 28.12.2021r<\/p><p style=\"text-align: center;\">w\u00a0sprawie ustalenia dnia wolnego od pracy w\u00a0Gminnym O\u015brodku Pomocy Spo\u0142ecznej<\/p><p style=\"text-align: center;\">w \u0141\u0105cznej<\/p><p style=\"text-align: center;\">\u00a0<\/p><p>Na podstawie art. 33 ust 3 ustawy z\u00a0dnia 8 marca 1990 r. o\u00a0samorz\u0105dzie gminnym (Dz. U. 2021r., poz. 1372 z\u00a0p\u00f3\u017an.zm.), w\u00a0zwi\u0105zku z\u00a0art. 130 \u00a7 2 ustawy z\u00a0dnia 26 czerwca 1974 r. Kodeks pracy\u00a0\u00a0 (Dz. U. 2020r. poz. 1320 z\u00a0p\u00f3\u017an.zm.) Kierownik Gminnego O\u015brodka Pomocy Spo\u0142ecznej w \u0141\u0105cznej zarz\u0105dza, co nast\u0119puje:<\/p><p style=\"text-align: center;\">\u00a71<\/p><p>Ustalam dzie\u0144: 7 stycznia 2022 roku (pi\u0105tek) dniem wolnym od pracy dla pracownik\u00f3w\u00a0 Gminnego O\u015brodka Pomocy Spo\u0142ecznej w\u00a0 \u0141\u0105cznej, w\u00a0zamian za dzie\u0144 \u015bwi\u0105teczny przypadaj\u0105cy w\u00a0dniu wolnym od pracy tj. w\u00a0sobot\u0119 1 grudnia 2022 roku \u2013 obni\u017caj\u0105cy wymiar czasu pracy w\u00a0okresie rozliczeniowym.<\/p><p style=\"text-align: center;\">\u00a72<\/p><p>Informacj\u0119 o\u00a0dodatkowym dniu wolnym od pracy podaje si\u0119 do publicznej wiadomo\u015bci poprzez wywieszenie na drzwiach wej\u015bciowych budynku GOPS w \u0141\u0105cznej i\u00a0poprzez zamieszczenie informacji na stronie internetowej GOPS w \u0141\u0105cznej oraz w\u00a0Biuletynie Informacji Publicznej.<\/p><p style=\"text-align: center;\">\u00a73<\/p><p>Wykonanie zarz\u0105dzenia sprawuj\u0119 osobi\u015bcie.<\/p><p style=\"text-align: center;\">\u00a74<\/p><p>Zarz\u0105dzenie wchodzi z\u00a0dniem podj\u0119cia.<\/p>\t\t\t\t\t\t\t\t<\/div>\n\t\t\t\t<\/div>\n\t\t\t\t\t<\/div>\n\t\t<\/div>\n\t\t\t\t\t<\/div>\n\t\t<\/section>\n\t\t\t\t<\/div>\n\t\t","protected":false},"excerpt":{"rendered":"<p>Kierownika Gminnego O\u015brodka Pomocy Spo\u0142ecznej w \u0141\u0105cznejz\u00a0dnia 28.12.2021r w\u00a0sprawie ustalenia dnia wolnego od pracy w\u00a0Gminnym O\u015brodku Pomocy Spo\u0142ecznej w \u0141\u0105cznej \u00a0 Na podstawie art. 33 ust 3 ustawy z\u00a0dnia 8 marca 1990 r. o\u00a0samorz\u0105dzie gminnym (Dz. U. 2021r., poz. 1372 z\u00a0p\u00f3\u017an.zm.), w\u00a0zwi\u0105zku z\u00a0art. 130 \u00a7 2 ustawy z\u00a0dnia 26 czerwca 1974 r. Kodeks pracy\u00a0\u00a0 (Dz. &hellip; <\/p>\n","protected":false},"author":2,"featured_media":0,"comment_status":"closed","ping_status":"","sticky":false,"template":"","format":"standard","meta":{"footnotes":""},"categories":[2],"tags":[],"class_list":["post-503","post","type-post","status-publish","format-standard","hentry","category-aktualnosci"],"_links":{"self":[{"href":"https:\/\/opslaczna.pl\/index.php?rest_route=\/wp\/v2\/posts\/503","targetHints":{"allow":["GET"]}}],"collection":[{"href":"https:\/\/opslaczna.pl\/index.php?rest_route=\/wp\/v2\/posts"}],"about":[{"href":"https:\/\/opslaczna.pl\/index.php?rest_route=\/wp\/v2\/types\/post"}],"author":[{"embeddable":true,"href":"https:\/\/opslaczna.pl\/index.php?rest_route=\/wp\/v2\/users\/2"}],"replies":[{"embeddable":true,"href":"https:\/\/opslaczna.pl\/index.php?rest_route=%2Fwp%2Fv2%2Fcomments&post=503"}],"version-history":[{"count":7,"href":"https:\/\/opslaczna.pl\/index.php?rest_route=\/wp\/v2\/posts\/503\/revisions"}],"predecessor-version":[{"id":510,"href":"https:\/\/opslaczna.pl\/index.php?rest_route=\/wp\/v2\/posts\/503\/revisions\/510"}],"wp:attachment":[{"href":"https:\/\/opslaczna.pl\/index.php?rest_route=%2Fwp%2Fv2%2Fmedia&parent=503"}],"wp:term":[{"taxonomy":"category","embeddable":true,"href":"https:\/\/opslaczna.pl\/index.php?rest_route=%2Fwp%2Fv2%2Fcategories&post=503"},{"taxonomy":"post_tag","embeddable":true,"href":"https:\/\/opslaczna.pl\/index.php?rest_route=%2Fwp%2Fv2%2Ftags&post=503"}],"curies":[{"name":"wp","href":"https:\/\/api.w.org\/{rel}","templated":true}]}}