{"id":482,"date":"2021-12-06T08:21:21","date_gmt":"2021-12-06T08:21:21","guid":{"rendered":"http:\/\/laczna2.opslaczna.pl\/?p=482"},"modified":"2021-12-06T08:22:43","modified_gmt":"2021-12-06T08:22:43","slug":"zarzadzenie-10-2021","status":"publish","type":"post","link":"https:\/\/opslaczna.pl\/?p=482","title":{"rendered":"Zarz\u0105dzenie 10\/2021"},"content":{"rendered":"\t\t<div data-elementor-type=\"wp-post\" data-elementor-id=\"482\" class=\"elementor elementor-482\">\n\t\t\t\t\t\t<section class=\"elementor-section elementor-top-section elementor-element elementor-element-eaf3d62 elementor-section-boxed elementor-section-height-default elementor-section-height-default\" data-id=\"eaf3d62\" data-element_type=\"section\">\n\t\t\t\t\t\t<div class=\"elementor-container elementor-column-gap-default\">\n\t\t\t\t\t<div class=\"elementor-column elementor-col-100 elementor-top-column elementor-element elementor-element-6b3a86c\" data-id=\"6b3a86c\" data-element_type=\"column\">\n\t\t\t<div class=\"elementor-widget-wrap elementor-element-populated\">\n\t\t\t\t\t\t<div class=\"elementor-element elementor-element-622950d elementor-widget elementor-widget-text-editor\" data-id=\"622950d\" data-element_type=\"widget\" data-widget_type=\"text-editor.default\">\n\t\t\t\t<div class=\"elementor-widget-container\">\n\t\t\t\t\t\t\t\t\t<p align=\"center\"><strong>ZARZ\u0104DZENIE NR 10\/2021<\/strong><\/p><p align=\"center\"><br \/><br \/><\/p><p align=\"center\"><strong>Kierownika Gminnego O\u015brodka Pomocy Spo\u0142ecznej w \u0141\u0105cznej<\/strong><br \/><strong>z\u00a0dnia 02.12.2021r<\/strong><\/p><p align=\"center\"><strong>w\u00a0sprawie ustalenia dnia wolnego od pracy w\u00a0Gminnym O\u015brodku Pomocy Spo\u0142ecznej <\/strong><\/p><p align=\"center\"><strong>w \u0141\u0105cznej<\/strong><\/p>\t\t\t\t\t\t\t\t<\/div>\n\t\t\t\t<\/div>\n\t\t\t\t\t<\/div>\n\t\t<\/div>\n\t\t\t\t\t<\/div>\n\t\t<\/section>\n\t\t\t\t<section class=\"elementor-section elementor-top-section elementor-element elementor-element-bc5f6c2 elementor-section-boxed elementor-section-height-default elementor-section-height-default\" data-id=\"bc5f6c2\" data-element_type=\"section\">\n\t\t\t\t\t\t<div class=\"elementor-container elementor-column-gap-default\">\n\t\t\t\t\t<div class=\"elementor-column elementor-col-100 elementor-top-column elementor-element elementor-element-b8dd8ce\" data-id=\"b8dd8ce\" data-element_type=\"column\">\n\t\t\t<div class=\"elementor-widget-wrap elementor-element-populated\">\n\t\t\t\t\t\t<div class=\"elementor-element elementor-element-09e3089 elementor-align-center elementor-widget elementor-widget-button\" data-id=\"09e3089\" data-element_type=\"widget\" data-widget_type=\"button.default\">\n\t\t\t\t<div class=\"elementor-widget-container\">\n\t\t\t\t\t\t\t\t\t<div class=\"elementor-button-wrapper\">\n\t\t\t\t\t<a class=\"elementor-button elementor-button-link elementor-size-sm\" href=\"http:\/\/laczna2.opslaczna.pl\/wp-content\/uploads\/2021\/12\/zaz10.pdf\">\n\t\t\t\t\t\t<span class=\"elementor-button-content-wrapper\">\n\t\t\t\t\t\t\t\t\t<span class=\"elementor-button-text\">Pobierz<\/span>\n\t\t\t\t\t<\/span>\n\t\t\t\t\t<\/a>\n\t\t\t\t<\/div>\n\t\t\t\t\t\t\t\t<\/div>\n\t\t\t\t<\/div>\n\t\t\t\t\t<\/div>\n\t\t<\/div>\n\t\t\t\t\t<\/div>\n\t\t<\/section>\n\t\t\t\t<\/div>\n\t\t","protected":false},"excerpt":{"rendered":"<p>ZARZ\u0104DZENIE NR 10\/2021 Kierownika Gminnego O\u015brodka Pomocy Spo\u0142ecznej w \u0141\u0105cznejz\u00a0dnia 02.12.2021r w\u00a0sprawie ustalenia dnia wolnego od pracy w\u00a0Gminnym O\u015brodku Pomocy Spo\u0142ecznej w \u0141\u0105cznej Pobierz<\/p>\n","protected":false},"author":2,"featured_media":0,"comment_status":"closed","ping_status":"","sticky":false,"template":"","format":"standard","meta":{"footnotes":""},"categories":[2],"tags":[],"class_list":["post-482","post","type-post","status-publish","format-standard","hentry","category-aktualnosci"],"_links":{"self":[{"href":"https:\/\/opslaczna.pl\/index.php?rest_route=\/wp\/v2\/posts\/482","targetHints":{"allow":["GET"]}}],"collection":[{"href":"https:\/\/opslaczna.pl\/index.php?rest_route=\/wp\/v2\/posts"}],"about":[{"href":"https:\/\/opslaczna.pl\/index.php?rest_route=\/wp\/v2\/types\/post"}],"author":[{"embeddable":true,"href":"https:\/\/opslaczna.pl\/index.php?rest_route=\/wp\/v2\/users\/2"}],"replies":[{"embeddable":true,"href":"https:\/\/opslaczna.pl\/index.php?rest_route=%2Fwp%2Fv2%2Fcomments&post=482"}],"version-history":[{"count":4,"href":"https:\/\/opslaczna.pl\/index.php?rest_route=\/wp\/v2\/posts\/482\/revisions"}],"predecessor-version":[{"id":487,"href":"https:\/\/opslaczna.pl\/index.php?rest_route=\/wp\/v2\/posts\/482\/revisions\/487"}],"wp:attachment":[{"href":"https:\/\/opslaczna.pl\/index.php?rest_route=%2Fwp%2Fv2%2Fmedia&parent=482"}],"wp:term":[{"taxonomy":"category","embeddable":true,"href":"https:\/\/opslaczna.pl\/index.php?rest_route=%2Fwp%2Fv2%2Fcategories&post=482"},{"taxonomy":"post_tag","embeddable":true,"href":"https:\/\/opslaczna.pl\/index.php?rest_route=%2Fwp%2Fv2%2Ftags&post=482"}],"curies":[{"name":"wp","href":"https:\/\/api.w.org\/{rel}","templated":true}]}}