{"id":449,"date":"2021-11-19T11:26:25","date_gmt":"2021-11-19T11:26:25","guid":{"rendered":"http:\/\/laczna2.opslaczna.pl\/?p=449"},"modified":"2021-11-19T11:27:49","modified_gmt":"2021-11-19T11:27:49","slug":"zapytanie-ofertowe-nr-9-2-1-7-2021","status":"publish","type":"post","link":"https:\/\/opslaczna.pl\/?p=449","title":{"rendered":"Zapytanie ofertowe nr 9.2.1-7\/2021"},"content":{"rendered":"\t\t<div data-elementor-type=\"wp-post\" data-elementor-id=\"449\" class=\"elementor elementor-449\">\n\t\t\t\t\t\t<section class=\"elementor-section elementor-top-section elementor-element elementor-element-7521c11d elementor-section-boxed elementor-section-height-default elementor-section-height-default\" data-id=\"7521c11d\" data-element_type=\"section\">\n\t\t\t\t\t\t<div class=\"elementor-container elementor-column-gap-default\">\n\t\t\t\t\t<div class=\"elementor-column elementor-col-100 elementor-top-column elementor-element elementor-element-34b6089\" data-id=\"34b6089\" data-element_type=\"column\">\n\t\t\t<div class=\"elementor-widget-wrap elementor-element-populated\">\n\t\t\t\t\t\t<div class=\"elementor-element elementor-element-726058d1 elementor-widget elementor-widget-text-editor\" data-id=\"726058d1\" data-element_type=\"widget\" data-widget_type=\"text-editor.default\">\n\t\t\t\t<div class=\"elementor-widget-container\">\n\t\t\t\t\t\t\t\t\t\n<p><a>Gmina \u0141\u0105czna\/Gminny O\u015brodek Pomocy Spo\u0142ecznej w \u0141\u0105cznej\u00a0<\/a> zaprasza do sk\u0142adania ofert w post\u0119powaniu pn<strong>. <a>\u201eDostawa \u015brodk\u00f3w czysto\u015bci<\/a>\u201d<\/strong> w ramach projektu pn.: \u201eWspieramy rodziny w gminie \u0141\u0105czna\u201d. Projekt jest wsp\u00f3\u0142finansowany ze \u015brodk\u00f3w Unii Europejskiej w ramach Europejskiego Funduszu Spo\u0142ecznego, Regionalnego Programu Operacyjnego Wojew\u00f3dztwa \u015awi\u0119tokrzyskiego na lata 2014-2020 (RPOW\u015a 2014-2020). O\u015b Priorytetowa IX. W\u0142\u0105czenie spo\u0142eczne i walka z ub\u00f3stwem Dzia\u0142anie 9.2 U\u0142atwienie dost\u0119pu do wysokiej jako\u015bci us\u0142ug spo\u0142ecznych i zdrowotnych Poddzia\u0142anie 9.2.1 Rozw\u00f3j wysokiej jako\u015bci us\u0142ug spo\u0142ecznych.<\/p>\n\n<p><a href=\"http:\/\/laczna2.opslaczna.pl\/wp-content\/uploads\/2021\/11\/7_2021-SRODKI-CZYSTOSCI-2.zip\">7_2021 \u015aRODKI CZYSTO\u015aCI &#8211; 2<\/a><\/p>\n\t\t\t\t\t\t\t\t<\/div>\n\t\t\t\t<\/div>\n\t\t\t\t\t<\/div>\n\t\t<\/div>\n\t\t\t\t\t<\/div>\n\t\t<\/section>\n\t\t\t\t<\/div>\n\t\t","protected":false},"excerpt":{"rendered":"<p>Gmina \u0141\u0105czna\/Gminny O\u015brodek Pomocy Spo\u0142ecznej w \u0141\u0105cznej\u00a0 zaprasza do sk\u0142adania ofert w post\u0119powaniu pn. \u201eDostawa \u015brodk\u00f3w czysto\u015bci\u201d w ramach projektu pn.: \u201eWspieramy rodziny w gminie \u0141\u0105czna\u201d. Projekt jest wsp\u00f3\u0142finansowany ze \u015brodk\u00f3w Unii Europejskiej w ramach Europejskiego Funduszu Spo\u0142ecznego, Regionalnego Programu Operacyjnego Wojew\u00f3dztwa \u015awi\u0119tokrzyskiego na lata 2014-2020 (RPOW\u015a 2014-2020). O\u015b Priorytetowa IX. W\u0142\u0105czenie spo\u0142eczne i walka &hellip; <\/p>\n","protected":false},"author":3,"featured_media":0,"comment_status":"closed","ping_status":"","sticky":false,"template":"","format":"standard","meta":{"footnotes":""},"categories":[2],"tags":[],"class_list":["post-449","post","type-post","status-publish","format-standard","hentry","category-aktualnosci"],"_links":{"self":[{"href":"https:\/\/opslaczna.pl\/index.php?rest_route=\/wp\/v2\/posts\/449","targetHints":{"allow":["GET"]}}],"collection":[{"href":"https:\/\/opslaczna.pl\/index.php?rest_route=\/wp\/v2\/posts"}],"about":[{"href":"https:\/\/opslaczna.pl\/index.php?rest_route=\/wp\/v2\/types\/post"}],"author":[{"embeddable":true,"href":"https:\/\/opslaczna.pl\/index.php?rest_route=\/wp\/v2\/users\/3"}],"replies":[{"embeddable":true,"href":"https:\/\/opslaczna.pl\/index.php?rest_route=%2Fwp%2Fv2%2Fcomments&post=449"}],"version-history":[{"count":4,"href":"https:\/\/opslaczna.pl\/index.php?rest_route=\/wp\/v2\/posts\/449\/revisions"}],"predecessor-version":[{"id":454,"href":"https:\/\/opslaczna.pl\/index.php?rest_route=\/wp\/v2\/posts\/449\/revisions\/454"}],"wp:attachment":[{"href":"https:\/\/opslaczna.pl\/index.php?rest_route=%2Fwp%2Fv2%2Fmedia&parent=449"}],"wp:term":[{"taxonomy":"category","embeddable":true,"href":"https:\/\/opslaczna.pl\/index.php?rest_route=%2Fwp%2Fv2%2Fcategories&post=449"},{"taxonomy":"post_tag","embeddable":true,"href":"https:\/\/opslaczna.pl\/index.php?rest_route=%2Fwp%2Fv2%2Ftags&post=449"}],"curies":[{"name":"wp","href":"https:\/\/api.w.org\/{rel}","templated":true}]}}