{"id":41,"date":"2021-01-11T10:00:05","date_gmt":"2021-01-11T10:00:05","guid":{"rendered":"http:\/\/laczna2.opslaczna.pl\/?p=41"},"modified":"2021-01-11T10:00:05","modified_gmt":"2021-01-11T10:00:05","slug":"41","status":"publish","type":"post","link":"https:\/\/opslaczna.pl\/?p=41","title":{"rendered":""},"content":{"rendered":"\n<p><strong>W dniu 23.12.2020 Gminny O\u015brodek Pomocy Spo\u0142ecznej w \u0141\u0105cznej<\/strong><\/p>\n\n\n\n<p><strong>czynny do godziny 13.00<\/strong><\/p>\n\n\n\n<p><strong>Zarz\u0105dzenie nr 11\/2020<\/strong><\/p>\n\n\n\n<p>p.o Kierownika Gminnego O\u015brodka Pomocy Spo\u0142ecznej w \u0141\u0105cznej<\/p>\n\n\n\n<p><strong>w sprawie: ustalenia dnia wolnego od pracy w Gminnym O\u015brodku Pomocy Spo\u0142ecznej w \u0141\u0105cznej<\/strong><\/p>\n\n\n\n<p>Ustala si\u0119 dzie\u0144 <strong>24 grudnia 2020r. (Wigilia)<\/strong> jako dzie\u0144 wolny od pracy<\/p>\n\n\n\n<p><a href=\"http:\/\/opslaczna.pl\/pliki\/zarz112020.jpg\">Zarz\u0105dzenie do pobrania<\/a><\/p>\n","protected":false},"excerpt":{"rendered":"<p>W dniu 23.12.2020 Gminny O\u015brodek Pomocy Spo\u0142ecznej w \u0141\u0105cznej czynny do godziny 13.00 Zarz\u0105dzenie nr 11\/2020 p.o Kierownika Gminnego O\u015brodka Pomocy Spo\u0142ecznej w \u0141\u0105cznej w sprawie: ustalenia dnia wolnego od pracy w Gminnym O\u015brodku Pomocy Spo\u0142ecznej w \u0141\u0105cznej Ustala si\u0119 dzie\u0144 24 grudnia 2020r. (Wigilia) jako dzie\u0144 wolny od pracy Zarz\u0105dzenie do pobrania<\/p>\n","protected":false},"author":2,"featured_media":0,"comment_status":"closed","ping_status":"closed","sticky":false,"template":"","format":"standard","meta":{"footnotes":""},"categories":[2],"tags":[],"class_list":["post-41","post","type-post","status-publish","format-standard","hentry","category-aktualnosci"],"_links":{"self":[{"href":"https:\/\/opslaczna.pl\/index.php?rest_route=\/wp\/v2\/posts\/41","targetHints":{"allow":["GET"]}}],"collection":[{"href":"https:\/\/opslaczna.pl\/index.php?rest_route=\/wp\/v2\/posts"}],"about":[{"href":"https:\/\/opslaczna.pl\/index.php?rest_route=\/wp\/v2\/types\/post"}],"author":[{"embeddable":true,"href":"https:\/\/opslaczna.pl\/index.php?rest_route=\/wp\/v2\/users\/2"}],"replies":[{"embeddable":true,"href":"https:\/\/opslaczna.pl\/index.php?rest_route=%2Fwp%2Fv2%2Fcomments&post=41"}],"version-history":[{"count":1,"href":"https:\/\/opslaczna.pl\/index.php?rest_route=\/wp\/v2\/posts\/41\/revisions"}],"predecessor-version":[{"id":42,"href":"https:\/\/opslaczna.pl\/index.php?rest_route=\/wp\/v2\/posts\/41\/revisions\/42"}],"wp:attachment":[{"href":"https:\/\/opslaczna.pl\/index.php?rest_route=%2Fwp%2Fv2%2Fmedia&parent=41"}],"wp:term":[{"taxonomy":"category","embeddable":true,"href":"https:\/\/opslaczna.pl\/index.php?rest_route=%2Fwp%2Fv2%2Fcategories&post=41"},{"taxonomy":"post_tag","embeddable":true,"href":"https:\/\/opslaczna.pl\/index.php?rest_route=%2Fwp%2Fv2%2Ftags&post=41"}],"curies":[{"name":"wp","href":"https:\/\/api.w.org\/{rel}","templated":true}]}}