{"id":408,"date":"2021-10-08T08:15:37","date_gmt":"2021-10-08T08:15:37","guid":{"rendered":"http:\/\/laczna2.opslaczna.pl\/?p=408"},"modified":"2021-10-08T08:17:17","modified_gmt":"2021-10-08T08:17:17","slug":"ogloszenie-3","status":"publish","type":"post","link":"https:\/\/opslaczna.pl\/?p=408","title":{"rendered":"OG\u0141OSZENIE"},"content":{"rendered":"\t\t<div data-elementor-type=\"wp-post\" data-elementor-id=\"408\" class=\"elementor elementor-408\">\n\t\t\t\t\t\t<section class=\"elementor-section elementor-top-section elementor-element elementor-element-cd671e5 elementor-section-boxed elementor-section-height-default elementor-section-height-default\" data-id=\"cd671e5\" data-element_type=\"section\">\n\t\t\t\t\t\t<div class=\"elementor-container elementor-column-gap-default\">\n\t\t\t\t\t<div class=\"elementor-column elementor-col-100 elementor-top-column elementor-element elementor-element-9452273\" data-id=\"9452273\" data-element_type=\"column\">\n\t\t\t<div class=\"elementor-widget-wrap elementor-element-populated\">\n\t\t\t\t\t\t<div class=\"elementor-element elementor-element-6768907 elementor-widget elementor-widget-text-editor\" data-id=\"6768907\" data-element_type=\"widget\" data-widget_type=\"text-editor.default\">\n\t\t\t\t<div class=\"elementor-widget-container\">\n\t\t\t\t\t\t\t\t\t<p style=\"text-align: center;\"><span style=\"color: #ff0000;\"><strong>OG\u0141OSZENIE<\/strong><\/span><\/p><p><strong>\u00a0<\/strong><\/p><p style=\"text-align: center;\"><strong>W\u00f3jt Gminy \u0141\u0105czna, Gminny O\u015brodek Pomocy Spo\u0142ecznej w \u0141\u0105cznej oraz Polski Komitet Pomocy Spo\u0142ecznej w \u0141\u0105cznej informuje, i\u017c wydawanie \u017cywno\u015bci osobom, kt\u00f3re uzyska\u0142y skierowanie<br \/>odb\u0119dzie si\u0119 w:<\/strong><\/p><p style=\"text-align: center;\"><strong>\u00a0<\/strong><\/p><p style=\"text-align: center;\"><span style=\"color: #ff0000;\"><strong>sobot\u0119 (16.10.2021 r.) w godzinach: 9.00- 13.00<\/strong><\/span><\/p><p style=\"text-align: center;\"><strong>\u00a0<\/strong><\/p><p style=\"text-align: center;\"><strong><u>Informujemy, i\u017c \u017cywno\u015b\u0107 b\u0119dzie wydawana po raz ostatni w tym programie.<\/u><\/strong><\/p><p style=\"text-align: center;\"><strong>Wydawanie \u017cywno\u015bci odb\u0119dzie si\u0119 w re\u017cimie sanitarnym.<br \/>Stoj\u0105c w kolejce prosimy zachowa\u0107 bezpieczn\u0105 odleg\u0142o\u015b\u0107 oraz przestrzega\u0107 obowi\u0105zku noszenia maseczek.<\/strong><\/p>\t\t\t\t\t\t\t\t<\/div>\n\t\t\t\t<\/div>\n\t\t\t\t\t<\/div>\n\t\t<\/div>\n\t\t\t\t\t<\/div>\n\t\t<\/section>\n\t\t\t\t<\/div>\n\t\t","protected":false},"excerpt":{"rendered":"<p>OG\u0141OSZENIE \u00a0 W\u00f3jt Gminy \u0141\u0105czna, Gminny O\u015brodek Pomocy Spo\u0142ecznej w \u0141\u0105cznej oraz Polski Komitet Pomocy Spo\u0142ecznej w \u0141\u0105cznej informuje, i\u017c wydawanie \u017cywno\u015bci osobom, kt\u00f3re uzyska\u0142y skierowanieodb\u0119dzie si\u0119 w: \u00a0 sobot\u0119 (16.10.2021 r.) w godzinach: 9.00- 13.00 \u00a0 Informujemy, i\u017c \u017cywno\u015b\u0107 b\u0119dzie wydawana po raz ostatni w tym programie. Wydawanie \u017cywno\u015bci odb\u0119dzie si\u0119 w re\u017cimie sanitarnym.Stoj\u0105c &hellip; <\/p>\n","protected":false},"author":2,"featured_media":0,"comment_status":"closed","ping_status":"","sticky":false,"template":"","format":"standard","meta":{"footnotes":""},"categories":[2],"tags":[],"class_list":["post-408","post","type-post","status-publish","format-standard","hentry","category-aktualnosci"],"_links":{"self":[{"href":"https:\/\/opslaczna.pl\/index.php?rest_route=\/wp\/v2\/posts\/408","targetHints":{"allow":["GET"]}}],"collection":[{"href":"https:\/\/opslaczna.pl\/index.php?rest_route=\/wp\/v2\/posts"}],"about":[{"href":"https:\/\/opslaczna.pl\/index.php?rest_route=\/wp\/v2\/types\/post"}],"author":[{"embeddable":true,"href":"https:\/\/opslaczna.pl\/index.php?rest_route=\/wp\/v2\/users\/2"}],"replies":[{"embeddable":true,"href":"https:\/\/opslaczna.pl\/index.php?rest_route=%2Fwp%2Fv2%2Fcomments&post=408"}],"version-history":[{"count":4,"href":"https:\/\/opslaczna.pl\/index.php?rest_route=\/wp\/v2\/posts\/408\/revisions"}],"predecessor-version":[{"id":412,"href":"https:\/\/opslaczna.pl\/index.php?rest_route=\/wp\/v2\/posts\/408\/revisions\/412"}],"wp:attachment":[{"href":"https:\/\/opslaczna.pl\/index.php?rest_route=%2Fwp%2Fv2%2Fmedia&parent=408"}],"wp:term":[{"taxonomy":"category","embeddable":true,"href":"https:\/\/opslaczna.pl\/index.php?rest_route=%2Fwp%2Fv2%2Fcategories&post=408"},{"taxonomy":"post_tag","embeddable":true,"href":"https:\/\/opslaczna.pl\/index.php?rest_route=%2Fwp%2Fv2%2Ftags&post=408"}],"curies":[{"name":"wp","href":"https:\/\/api.w.org\/{rel}","templated":true}]}}