{"id":382,"date":"2021-09-01T11:29:49","date_gmt":"2021-09-01T11:29:49","guid":{"rendered":"http:\/\/laczna2.opslaczna.pl\/?p=382"},"modified":"2021-09-01T11:35:22","modified_gmt":"2021-09-01T11:35:22","slug":"ogloszenie-o-naborze-na-wolne-stanowisko-pracy","status":"publish","type":"post","link":"https:\/\/opslaczna.pl\/?p=382","title":{"rendered":"OG\u0141OSZENIE O NABORZE NA WOLNE STANOWISKO PRACY"},"content":{"rendered":"\t\t<div data-elementor-type=\"wp-post\" data-elementor-id=\"382\" class=\"elementor elementor-382\">\n\t\t\t\t\t\t<section class=\"elementor-section elementor-top-section elementor-element elementor-element-4308a27b elementor-section-boxed elementor-section-height-default elementor-section-height-default\" data-id=\"4308a27b\" data-element_type=\"section\">\n\t\t\t\t\t\t<div class=\"elementor-container elementor-column-gap-default\">\n\t\t\t\t\t<div class=\"elementor-column elementor-col-100 elementor-top-column elementor-element elementor-element-4bf6aa30\" data-id=\"4bf6aa30\" data-element_type=\"column\">\n\t\t\t<div class=\"elementor-widget-wrap elementor-element-populated\">\n\t\t\t\t\t\t<div class=\"elementor-element elementor-element-e87c14d elementor-widget elementor-widget-text-editor\" data-id=\"e87c14d\" data-element_type=\"widget\" data-widget_type=\"text-editor.default\">\n\t\t\t\t<div class=\"elementor-widget-container\">\n\t\t\t\t\t\t\t\t\t<p><\/p>\n<p>Gminny O\u015brodek Pomocy Spo\u0142ecznej w \u0141\u0105cznej w zwi\u0105zku z realizacj\u0105 projektu pn.<font color=\"#222222\">&nbsp;<\/font><strong>&#8222;Wspieramy rodziny w gminie \u0141\u0105czna<\/strong><strong>\u201d, nr projektu <\/strong><em>RPSW.09.02.01-26-0040\/18 <\/em>wsp\u00f3\u0142finansowanego w ramach Regionalnego Programu Operacyjnego Wojew\u00f3dztwa \u015awi\u0119tokrzyskiego na lata 2014 -2020 w ramach Priorytetu 9 W\u0142\u0105czenie spo\u0142eczne i walka z ub\u00f3stwem Poddzia\u0142anie 09.02.01 Rozw\u00f3j wysokiej jako\u015bci us\u0142ug spo\u0142ecznych (projekty konkursowe)&nbsp;<\/p>\n<p><\/p>\n<p><\/p>\n<ul class=\"wp-block-list\">\n<li>Wychowawca w plac\u00f3wce wsparcia dziennego &#8211; w \u015awietlicy \u015arodowiskowej &nbsp;w Zag\u00f3rzu \u2013 dla 1 osoby w wymiarze 1\/2 etatu, umowa o prac\u0119.<\/li>\n<li>Wychowawca\/opiekun w plac\u00f3wce wsparcia dziennego &#8211; w \u015awietlicy \u015arodowiskowej&nbsp;&nbsp;&nbsp;&nbsp;w Klonowie \u2013 dla 1 osoby w wymiarze 1\/2 etatu, umowa o prac\u0119.<\/li>\n<\/ul>\n<p><a href=\"http:\/\/laczna2.opslaczna.pl\/wp-content\/uploads\/2021\/09\/1-Ogloszenie_o_naborze_na_wolne_stanowisko.doc\">1 Ogloszenie_o_naborze_na_wolne_stanowisko<\/a><\/p>\n<p><a href=\"http:\/\/laczna2.opslaczna.pl\/wp-content\/uploads\/2021\/09\/Dokumenty-aplikacyjne.zip\">Dokumenty aplikacyjne<\/a><\/p>\n<div>&nbsp;<\/div>\n<div>&nbsp;<\/div>\n<p><\/p>\t\t\t\t\t\t\t\t<\/div>\n\t\t\t\t<\/div>\n\t\t\t\t\t<\/div>\n\t\t<\/div>\n\t\t\t\t\t<\/div>\n\t\t<\/section>\n\t\t\t\t<\/div>\n\t\t","protected":false},"excerpt":{"rendered":"<p>Gminny O\u015brodek Pomocy Spo\u0142ecznej w \u0141\u0105cznej w zwi\u0105zku z realizacj\u0105 projektu pn.&nbsp;&#8222;Wspieramy rodziny w gminie \u0141\u0105czna\u201d, nr projektu RPSW.09.02.01-26-0040\/18 wsp\u00f3\u0142finansowanego w ramach Regionalnego Programu Operacyjnego Wojew\u00f3dztwa \u015awi\u0119tokrzyskiego na lata 2014 -2020 w ramach Priorytetu 9 W\u0142\u0105czenie spo\u0142eczne i walka z ub\u00f3stwem Poddzia\u0142anie 09.02.01 Rozw\u00f3j wysokiej jako\u015bci us\u0142ug spo\u0142ecznych (projekty konkursowe)&nbsp; Wychowawca w plac\u00f3wce wsparcia dziennego &hellip; <\/p>\n","protected":false},"author":3,"featured_media":0,"comment_status":"closed","ping_status":"","sticky":false,"template":"","format":"standard","meta":{"footnotes":""},"categories":[2],"tags":[],"class_list":["post-382","post","type-post","status-publish","format-standard","hentry","category-aktualnosci"],"_links":{"self":[{"href":"https:\/\/opslaczna.pl\/index.php?rest_route=\/wp\/v2\/posts\/382","targetHints":{"allow":["GET"]}}],"collection":[{"href":"https:\/\/opslaczna.pl\/index.php?rest_route=\/wp\/v2\/posts"}],"about":[{"href":"https:\/\/opslaczna.pl\/index.php?rest_route=\/wp\/v2\/types\/post"}],"author":[{"embeddable":true,"href":"https:\/\/opslaczna.pl\/index.php?rest_route=\/wp\/v2\/users\/3"}],"replies":[{"embeddable":true,"href":"https:\/\/opslaczna.pl\/index.php?rest_route=%2Fwp%2Fv2%2Fcomments&post=382"}],"version-history":[{"count":7,"href":"https:\/\/opslaczna.pl\/index.php?rest_route=\/wp\/v2\/posts\/382\/revisions"}],"predecessor-version":[{"id":392,"href":"https:\/\/opslaczna.pl\/index.php?rest_route=\/wp\/v2\/posts\/382\/revisions\/392"}],"wp:attachment":[{"href":"https:\/\/opslaczna.pl\/index.php?rest_route=%2Fwp%2Fv2%2Fmedia&parent=382"}],"wp:term":[{"taxonomy":"category","embeddable":true,"href":"https:\/\/opslaczna.pl\/index.php?rest_route=%2Fwp%2Fv2%2Fcategories&post=382"},{"taxonomy":"post_tag","embeddable":true,"href":"https:\/\/opslaczna.pl\/index.php?rest_route=%2Fwp%2Fv2%2Ftags&post=382"}],"curies":[{"name":"wp","href":"https:\/\/api.w.org\/{rel}","templated":true}]}}