{"id":365,"date":"2021-08-31T11:39:56","date_gmt":"2021-08-31T11:39:56","guid":{"rendered":"http:\/\/laczna2.opslaczna.pl\/?p=365"},"modified":"2021-08-31T11:42:15","modified_gmt":"2021-08-31T11:42:15","slug":"wakacyjne-rozmaitosci-w-swietlicach-srodowiskowych-w-gminie-laczna","status":"publish","type":"post","link":"https:\/\/opslaczna.pl\/?p=365","title":{"rendered":"Wakacyjne rozmaito\u015bci w \u015bwietlicach \u015brodowiskowych w gminie \u0141\u0105czna"},"content":{"rendered":"\t\t<div data-elementor-type=\"wp-post\" data-elementor-id=\"365\" class=\"elementor elementor-365\">\n\t\t\t\t\t\t<section class=\"elementor-section elementor-top-section elementor-element elementor-element-3409c4 elementor-section-boxed elementor-section-height-default elementor-section-height-default\" data-id=\"3409c4\" data-element_type=\"section\">\n\t\t\t\t\t\t<div class=\"elementor-container elementor-column-gap-default\">\n\t\t\t\t\t<div class=\"elementor-column elementor-col-100 elementor-top-column elementor-element elementor-element-4204bf6e\" data-id=\"4204bf6e\" data-element_type=\"column\">\n\t\t\t<div class=\"elementor-widget-wrap elementor-element-populated\">\n\t\t\t\t\t\t<div class=\"elementor-element elementor-element-1f2c5e9f elementor-widget elementor-widget-text-editor\" data-id=\"1f2c5e9f\" data-element_type=\"widget\" data-widget_type=\"text-editor.default\">\n\t\t\t\t<div class=\"elementor-widget-container\">\n\t\t\t\t\t\t\t\t\t<p><\/p>\n<p>Cho\u0107 wakacje dobieg\u0142y ju\u017c ko\u0144ca, pozostawi\u0142y w pami\u0119ci dzieci i m\u0142odzie\u017cy ze \u015bwietlic \u015brodowiskowych w Kamionkach, Klonowie i Zag\u00f3rzu wiele pi\u0119knych wra\u017ce\u0144. W okresie letnim m\u0142odzi ludzie aktywnie sp\u0119dzili czas, odkrywaj\u0105c uroki swojej okolicy oraz korzystaj\u0105c z zaj\u0119\u0107 organizowanych w \u015bwietlicach.\u00a0<\/p>\n<p><\/p>\n<p>W ramach tych zaj\u0119\u0107 dzieci i m\u0142odzie\u017c tworzy\u0142y przepi\u0119kne prace plastyczne, przygotowywa\u0142y wsp\u00f3lnie pyszne smako\u0142yki. Dzieci wkroczy\u0142y r\u00f3wnie\u017c w ciekawy \u015bwiat eksperyment\u00f3w przy u\u017cyciu podstawowych domowych produkt\u00f3w spo\u017cywczych \u00a0i \u015brodk\u00f3w czysto\u015bci. Ponadto bra\u0142y udzia\u0142 w warsztatach teatralno \u2013 artystycznych, informatycznych i zaj\u0119ciach z j. angielskiego.<\/p>\n<p><\/p>\n<p>By\u0142y to bardzo tw\u00f3rcze wakacje sp\u0119dzone w mi\u0142ej oraz przyjacielskiej atmosferze, kt\u00f3re przynios\u0142y wiele rado\u015bci i dobrej zabawy dzieciom, m\u0142odzie\u017cy oraz wychowawcom.<\/p>\n<p><\/p>\n<p>Projekt \u201eWspieramy rodziny w gminie \u0141\u0105czna\u201d realizowany jest na podstawie umowy nr RPSW.09.02.01-26-0040\/18-00 z dnia 31.01.2019 przez Gmin\u0119 \u0141\u0105czna\/ Gminny O\u015brodek Pomocy Spo\u0142ecznej w \u0141\u0105cznej. Projekt wsp\u00f3\u0142finansowany w ramach Regionalnego Programu Operacyjnego Wojew\u00f3dztwa \u015awi\u0119tokrzyskiego na lata 2014 -2020 w ramach Priorytetu 9 W\u0142\u0105czenie spo\u0142eczne i walka z ub\u00f3stwem Poddzia\u0142anie 09.02.01 Rozw\u00f3j wysokiej jako\u015bci us\u0142ug spo\u0142ecznych.<\/p>\n<p><\/p>\n<p>Okres realizacji: 2019-05-01 &#8211; 2022-07-31.<\/p>\n<p><\/p>\n<p>Ca\u0142kowita warto\u015b\u0107 projektu: 1 976 113,25 z\u0142.<\/p>\n<p><img fetchpriority=\"high\" decoding=\"async\" class=\"alignnone size-medium wp-image-367\" src=\"http:\/\/laczna2.opslaczna.pl\/wp-content\/uploads\/2021\/08\/IMG_1014-300x200.jpg\" alt=\"\" width=\"300\" height=\"200\" srcset=\"https:\/\/opslaczna.pl\/wp-content\/uploads\/2021\/08\/IMG_1014-300x200.jpg 300w, https:\/\/opslaczna.pl\/wp-content\/uploads\/2021\/08\/IMG_1014-1024x683.jpg 1024w, https:\/\/opslaczna.pl\/wp-content\/uploads\/2021\/08\/IMG_1014-768x512.jpg 768w, https:\/\/opslaczna.pl\/wp-content\/uploads\/2021\/08\/IMG_1014-1536x1024.jpg 1536w, https:\/\/opslaczna.pl\/wp-content\/uploads\/2021\/08\/IMG_1014-2048x1365.jpg 2048w\" sizes=\"(max-width: 300px) 100vw, 300px\" \/><\/p>\n<p><img decoding=\"async\" class=\"alignnone size-medium wp-image-366\" src=\"http:\/\/laczna2.opslaczna.pl\/wp-content\/uploads\/2021\/08\/IMG_1020-300x200.jpg\" alt=\"\" width=\"300\" height=\"200\" srcset=\"https:\/\/opslaczna.pl\/wp-content\/uploads\/2021\/08\/IMG_1020-300x200.jpg 300w, https:\/\/opslaczna.pl\/wp-content\/uploads\/2021\/08\/IMG_1020-1024x683.jpg 1024w, https:\/\/opslaczna.pl\/wp-content\/uploads\/2021\/08\/IMG_1020-768x512.jpg 768w, https:\/\/opslaczna.pl\/wp-content\/uploads\/2021\/08\/IMG_1020-1536x1024.jpg 1536w, https:\/\/opslaczna.pl\/wp-content\/uploads\/2021\/08\/IMG_1020-2048x1365.jpg 2048w\" sizes=\"(max-width: 300px) 100vw, 300px\" \/><\/p>\n<p><img decoding=\"async\" class=\"alignnone size-medium wp-image-368\" src=\"http:\/\/laczna2.opslaczna.pl\/wp-content\/uploads\/2021\/08\/IMG_1067-300x200.jpg\" alt=\"\" width=\"300\" height=\"200\" srcset=\"https:\/\/opslaczna.pl\/wp-content\/uploads\/2021\/08\/IMG_1067-300x200.jpg 300w, https:\/\/opslaczna.pl\/wp-content\/uploads\/2021\/08\/IMG_1067-1024x683.jpg 1024w, https:\/\/opslaczna.pl\/wp-content\/uploads\/2021\/08\/IMG_1067-768x512.jpg 768w, https:\/\/opslaczna.pl\/wp-content\/uploads\/2021\/08\/IMG_1067-1536x1024.jpg 1536w, https:\/\/opslaczna.pl\/wp-content\/uploads\/2021\/08\/IMG_1067-2048x1365.jpg 2048w\" sizes=\"(max-width: 300px) 100vw, 300px\" \/><\/p>\n<p><\/p>\t\t\t\t\t\t\t\t<\/div>\n\t\t\t\t<\/div>\n\t\t\t\t\t<\/div>\n\t\t<\/div>\n\t\t\t\t\t<\/div>\n\t\t<\/section>\n\t\t\t\t<\/div>\n\t\t","protected":false},"excerpt":{"rendered":"<p>Cho\u0107 wakacje dobieg\u0142y ju\u017c ko\u0144ca, pozostawi\u0142y w pami\u0119ci dzieci i m\u0142odzie\u017cy ze \u015bwietlic \u015brodowiskowych w Kamionkach, Klonowie i Zag\u00f3rzu wiele pi\u0119knych wra\u017ce\u0144. W okresie letnim m\u0142odzi ludzie aktywnie sp\u0119dzili czas, odkrywaj\u0105c uroki swojej okolicy oraz korzystaj\u0105c z zaj\u0119\u0107 organizowanych w \u015bwietlicach.\u00a0 W ramach tych zaj\u0119\u0107 dzieci i m\u0142odzie\u017c tworzy\u0142y przepi\u0119kne prace plastyczne, przygotowywa\u0142y wsp\u00f3lnie pyszne &hellip; <\/p>\n","protected":false},"author":3,"featured_media":0,"comment_status":"closed","ping_status":"","sticky":false,"template":"","format":"standard","meta":{"footnotes":""},"categories":[2],"tags":[],"class_list":["post-365","post","type-post","status-publish","format-standard","hentry","category-aktualnosci"],"_links":{"self":[{"href":"https:\/\/opslaczna.pl\/index.php?rest_route=\/wp\/v2\/posts\/365","targetHints":{"allow":["GET"]}}],"collection":[{"href":"https:\/\/opslaczna.pl\/index.php?rest_route=\/wp\/v2\/posts"}],"about":[{"href":"https:\/\/opslaczna.pl\/index.php?rest_route=\/wp\/v2\/types\/post"}],"author":[{"embeddable":true,"href":"https:\/\/opslaczna.pl\/index.php?rest_route=\/wp\/v2\/users\/3"}],"replies":[{"embeddable":true,"href":"https:\/\/opslaczna.pl\/index.php?rest_route=%2Fwp%2Fv2%2Fcomments&post=365"}],"version-history":[{"count":3,"href":"https:\/\/opslaczna.pl\/index.php?rest_route=\/wp\/v2\/posts\/365\/revisions"}],"predecessor-version":[{"id":371,"href":"https:\/\/opslaczna.pl\/index.php?rest_route=\/wp\/v2\/posts\/365\/revisions\/371"}],"wp:attachment":[{"href":"https:\/\/opslaczna.pl\/index.php?rest_route=%2Fwp%2Fv2%2Fmedia&parent=365"}],"wp:term":[{"taxonomy":"category","embeddable":true,"href":"https:\/\/opslaczna.pl\/index.php?rest_route=%2Fwp%2Fv2%2Fcategories&post=365"},{"taxonomy":"post_tag","embeddable":true,"href":"https:\/\/opslaczna.pl\/index.php?rest_route=%2Fwp%2Fv2%2Ftags&post=365"}],"curies":[{"name":"wp","href":"https:\/\/api.w.org\/{rel}","templated":true}]}}