{"id":320,"date":"2021-07-20T07:32:43","date_gmt":"2021-07-20T07:32:43","guid":{"rendered":"http:\/\/laczna2.opslaczna.pl\/?p=320"},"modified":"2021-07-20T07:36:44","modified_gmt":"2021-07-20T07:36:44","slug":"zapraszamy-na-zajecia-swietlicowe","status":"publish","type":"post","link":"https:\/\/opslaczna.pl\/?p=320","title":{"rendered":"Zapraszamy na zaj\u0119cia \u015bwietlicowe"},"content":{"rendered":"\t\t<div data-elementor-type=\"wp-post\" data-elementor-id=\"320\" class=\"elementor elementor-320\">\n\t\t\t\t\t\t<section class=\"elementor-section elementor-top-section elementor-element elementor-element-2711170b elementor-section-boxed elementor-section-height-default elementor-section-height-default\" data-id=\"2711170b\" data-element_type=\"section\">\n\t\t\t\t\t\t<div class=\"elementor-container elementor-column-gap-default\">\n\t\t\t\t\t<div class=\"elementor-column elementor-col-100 elementor-top-column elementor-element elementor-element-5ba2b036\" data-id=\"5ba2b036\" data-element_type=\"column\">\n\t\t\t<div class=\"elementor-widget-wrap elementor-element-populated\">\n\t\t\t\t\t\t<div class=\"elementor-element elementor-element-2bd35abb elementor-widget elementor-widget-text-editor\" data-id=\"2bd35abb\" data-element_type=\"widget\" data-widget_type=\"text-editor.default\">\n\t\t\t\t<div class=\"elementor-widget-container\">\n\t\t\t\t\t\t\t\t\t<p><\/p>\n<p>Gmina \u0141\u0105czna\/ Gminny O\u015brodek Pomocy Spo\u0142ecznej w \u0141\u0105cznej zaprasza na zaj\u0119cia w \u015bwietlicach \u015brodowiskowych w ramach projektu <strong>Wspieramy rodziny w gminie \u0141\u0105czna. <\/strong><\/p>\n<p><strong>&nbsp;<\/strong><span style=\"color: var( --e-global-color-text ); font-family: var( --e-global-typography-text-font-family ), Sans-serif; font-weight: var( --e-global-typography-text-font-weight ); font-size: 1rem;\">\u015awietlice funkcjonuj\u0105 w miejscowo\u015bciach: Zag\u00f3rze, kamionki, Klon\u00f3w. Projekt skierowany jest do: dzieci w wieku od 7 do 16 lat oraz rodzic\u00f3w\/opiekun\u00f3w&nbsp; prawnych dzieci obj\u0119tych wsparciem.<\/span><\/p>\n<p><\/p>\n<p>W \u015aWIETLICACH PROWADZONE S\u0104:<\/p>\n<p>&#8211; zaj\u0119cia z j\u0119zyka angielskiego,<\/p>\n<p>&#8211; zaj\u0119cia z informatyki,<\/p>\n<p>&#8211; zaj\u0119cia teatralno &#8211; muzyczne,<\/p>\n<p><\/p>\n<p>WSPARCIE DLA RODZIC\u00d3W:<\/p>\n<p>&#8211; spotkania z psychologiem,<\/p>\n<p>&#8211; wsparcie prawnika.<\/p>\n<p><\/p>\n<p>Projekt realizowany w ramach dzia\u0142ania 9.2 U\u0142atwienie dost\u0119pu do wysokiej jako\u015bci us\u0142ug spo\u0142ecznych i zdrowotnych.<\/p>\n<p><\/p>\n<p>Osoby ch\u0119tne prosimy o wype\u0142nienie formularza zg\u0142oszeniowego i dostarczenie go do \u015bwietlicy lub GOPS w \u0141\u0105cznej.<\/p>\n<p><a href=\"http:\/\/laczna2.opslaczna.pl\/wp-content\/uploads\/2021\/07\/FORMULARZ.pdf\">FORMULARZ<\/a><\/p>\n<p><\/p>\t\t\t\t\t\t\t\t<\/div>\n\t\t\t\t<\/div>\n\t\t\t\t\t<\/div>\n\t\t<\/div>\n\t\t\t\t\t<\/div>\n\t\t<\/section>\n\t\t\t\t<\/div>\n\t\t","protected":false},"excerpt":{"rendered":"<p>Gmina \u0141\u0105czna\/ Gminny O\u015brodek Pomocy Spo\u0142ecznej w \u0141\u0105cznej zaprasza na zaj\u0119cia w \u015bwietlicach \u015brodowiskowych w ramach projektu Wspieramy rodziny w gminie \u0141\u0105czna. &nbsp;\u015awietlice funkcjonuj\u0105 w miejscowo\u015bciach: Zag\u00f3rze, kamionki, Klon\u00f3w. Projekt skierowany jest do: dzieci w wieku od 7 do 16 lat oraz rodzic\u00f3w\/opiekun\u00f3w&nbsp; prawnych dzieci obj\u0119tych wsparciem. W \u015aWIETLICACH PROWADZONE S\u0104: &#8211; zaj\u0119cia z j\u0119zyka &hellip; <\/p>\n","protected":false},"author":3,"featured_media":0,"comment_status":"closed","ping_status":"","sticky":false,"template":"","format":"standard","meta":{"footnotes":""},"categories":[2],"tags":[],"class_list":["post-320","post","type-post","status-publish","format-standard","hentry","category-aktualnosci"],"_links":{"self":[{"href":"https:\/\/opslaczna.pl\/index.php?rest_route=\/wp\/v2\/posts\/320","targetHints":{"allow":["GET"]}}],"collection":[{"href":"https:\/\/opslaczna.pl\/index.php?rest_route=\/wp\/v2\/posts"}],"about":[{"href":"https:\/\/opslaczna.pl\/index.php?rest_route=\/wp\/v2\/types\/post"}],"author":[{"embeddable":true,"href":"https:\/\/opslaczna.pl\/index.php?rest_route=\/wp\/v2\/users\/3"}],"replies":[{"embeddable":true,"href":"https:\/\/opslaczna.pl\/index.php?rest_route=%2Fwp%2Fv2%2Fcomments&post=320"}],"version-history":[{"count":7,"href":"https:\/\/opslaczna.pl\/index.php?rest_route=\/wp\/v2\/posts\/320\/revisions"}],"predecessor-version":[{"id":328,"href":"https:\/\/opslaczna.pl\/index.php?rest_route=\/wp\/v2\/posts\/320\/revisions\/328"}],"wp:attachment":[{"href":"https:\/\/opslaczna.pl\/index.php?rest_route=%2Fwp%2Fv2%2Fmedia&parent=320"}],"wp:term":[{"taxonomy":"category","embeddable":true,"href":"https:\/\/opslaczna.pl\/index.php?rest_route=%2Fwp%2Fv2%2Fcategories&post=320"},{"taxonomy":"post_tag","embeddable":true,"href":"https:\/\/opslaczna.pl\/index.php?rest_route=%2Fwp%2Fv2%2Ftags&post=320"}],"curies":[{"name":"wp","href":"https:\/\/api.w.org\/{rel}","templated":true}]}}