{"id":304,"date":"2021-07-14T12:40:21","date_gmt":"2021-07-14T12:40:21","guid":{"rendered":"http:\/\/laczna2.opslaczna.pl\/?p=304"},"modified":"2021-07-14T12:44:11","modified_gmt":"2021-07-14T12:44:11","slug":"informacja-o-wyborze-najkorzystniejszej-oferty-w-postepowaniu-nr-9-2-1-5-2021","status":"publish","type":"post","link":"https:\/\/opslaczna.pl\/?p=304","title":{"rendered":"Informacja o wyborze najkorzystniejszej oferty w post\u0119powaniu nr 9.2.1-5\/2021"},"content":{"rendered":"\t\t<div data-elementor-type=\"wp-post\" data-elementor-id=\"304\" class=\"elementor elementor-304\">\n\t\t\t\t\t\t<section class=\"elementor-section elementor-top-section elementor-element elementor-element-ebf94de elementor-section-boxed elementor-section-height-default elementor-section-height-default\" data-id=\"ebf94de\" data-element_type=\"section\">\n\t\t\t\t\t\t<div class=\"elementor-container elementor-column-gap-default\">\n\t\t\t\t\t<div class=\"elementor-column elementor-col-100 elementor-top-column elementor-element elementor-element-1dd7ce8a\" data-id=\"1dd7ce8a\" data-element_type=\"column\">\n\t\t\t<div class=\"elementor-widget-wrap elementor-element-populated\">\n\t\t\t\t\t\t<div class=\"elementor-element elementor-element-4a2e304a elementor-widget elementor-widget-text-editor\" data-id=\"4a2e304a\" data-element_type=\"widget\" data-widget_type=\"text-editor.default\">\n\t\t\t\t<div class=\"elementor-widget-container\">\n\t\t\t\t\t\t\t\t\t<p><\/p>\n<p>Zamawiaj\u0105cy zawiadamia, i\u017c w drodze przeprowadzonego post\u0119powania dotycz\u0105cego zam\u00f3wienia publicznego pn. \u201e<strong>Dostawa apteczki pierwszej pomocy\u201d <\/strong>w ramach projektu pn.: \u201eWspieramy rodziny w gminie \u0141\u0105czna\u201d, zosta\u0142a wybrana oferta firm:<\/p>\n<p><\/p>\n<p>CZARMED \u0141ukasz Czarnecki, Jab\u0142oniowa 7, 95 -020 Stro\u017c, oferowana cena brutto 243,39 z\u0142. Oferta otrzyma\u0142a 100 punkt\u00f3w.<\/p>\n<p>\u00a0<\/p>\n<p><\/p>\t\t\t\t\t\t\t\t<\/div>\n\t\t\t\t<\/div>\n\t\t\t\t\t<\/div>\n\t\t<\/div>\n\t\t\t\t\t<\/div>\n\t\t<\/section>\n\t\t\t\t<\/div>\n\t\t","protected":false},"excerpt":{"rendered":"<p>Zamawiaj\u0105cy zawiadamia, i\u017c w drodze przeprowadzonego post\u0119powania dotycz\u0105cego zam\u00f3wienia publicznego pn. \u201eDostawa apteczki pierwszej pomocy\u201d w ramach projektu pn.: \u201eWspieramy rodziny w gminie \u0141\u0105czna\u201d, zosta\u0142a wybrana oferta firm: CZARMED \u0141ukasz Czarnecki, Jab\u0142oniowa 7, 95 -020 Stro\u017c, oferowana cena brutto 243,39 z\u0142. Oferta otrzyma\u0142a 100 punkt\u00f3w. \u00a0<\/p>\n","protected":false},"author":3,"featured_media":0,"comment_status":"closed","ping_status":"","sticky":false,"template":"","format":"standard","meta":{"footnotes":""},"categories":[2],"tags":[],"class_list":["post-304","post","type-post","status-publish","format-standard","hentry","category-aktualnosci"],"_links":{"self":[{"href":"https:\/\/opslaczna.pl\/index.php?rest_route=\/wp\/v2\/posts\/304","targetHints":{"allow":["GET"]}}],"collection":[{"href":"https:\/\/opslaczna.pl\/index.php?rest_route=\/wp\/v2\/posts"}],"about":[{"href":"https:\/\/opslaczna.pl\/index.php?rest_route=\/wp\/v2\/types\/post"}],"author":[{"embeddable":true,"href":"https:\/\/opslaczna.pl\/index.php?rest_route=\/wp\/v2\/users\/3"}],"replies":[{"embeddable":true,"href":"https:\/\/opslaczna.pl\/index.php?rest_route=%2Fwp%2Fv2%2Fcomments&post=304"}],"version-history":[{"count":10,"href":"https:\/\/opslaczna.pl\/index.php?rest_route=\/wp\/v2\/posts\/304\/revisions"}],"predecessor-version":[{"id":315,"href":"https:\/\/opslaczna.pl\/index.php?rest_route=\/wp\/v2\/posts\/304\/revisions\/315"}],"wp:attachment":[{"href":"https:\/\/opslaczna.pl\/index.php?rest_route=%2Fwp%2Fv2%2Fmedia&parent=304"}],"wp:term":[{"taxonomy":"category","embeddable":true,"href":"https:\/\/opslaczna.pl\/index.php?rest_route=%2Fwp%2Fv2%2Fcategories&post=304"},{"taxonomy":"post_tag","embeddable":true,"href":"https:\/\/opslaczna.pl\/index.php?rest_route=%2Fwp%2Fv2%2Ftags&post=304"}],"curies":[{"name":"wp","href":"https:\/\/api.w.org\/{rel}","templated":true}]}}