{"id":298,"date":"2021-07-14T12:38:17","date_gmt":"2021-07-14T12:38:17","guid":{"rendered":"http:\/\/laczna2.opslaczna.pl\/?p=298"},"modified":"2021-10-12T13:58:51","modified_gmt":"2021-10-12T13:58:51","slug":"informacja-o-wyborze-najkorzystniejszej-oferty-w-postepowaniu-nr-9-2-1-4-2021","status":"publish","type":"post","link":"https:\/\/opslaczna.pl\/?p=298","title":{"rendered":"Informacja o wyborze najkorzystniejszej oferty w post\u0119powaniu nr 9.2.1-4\/2021"},"content":{"rendered":"\t\t<div data-elementor-type=\"wp-post\" data-elementor-id=\"298\" class=\"elementor elementor-298\">\n\t\t\t\t\t\t<section class=\"elementor-section elementor-top-section elementor-element elementor-element-5bfafcc3 elementor-section-boxed elementor-section-height-default elementor-section-height-default\" data-id=\"5bfafcc3\" data-element_type=\"section\">\n\t\t\t\t\t\t<div class=\"elementor-container elementor-column-gap-default\">\n\t\t\t\t\t<div class=\"elementor-column elementor-col-100 elementor-top-column elementor-element elementor-element-74f66e01\" data-id=\"74f66e01\" data-element_type=\"column\">\n\t\t\t<div class=\"elementor-widget-wrap elementor-element-populated\">\n\t\t\t\t\t\t<div class=\"elementor-element elementor-element-1a2956d1 elementor-widget elementor-widget-text-editor\" data-id=\"1a2956d1\" data-element_type=\"widget\" data-widget_type=\"text-editor.default\">\n\t\t\t\t<div class=\"elementor-widget-container\">\n\t\t\t\t\t\t\t\t\t<p><\/p>\n<p>Zamawiaj\u0105cy zawiadamia, i\u017c w drodze przeprowadzonego post\u0119powania dotycz\u0105cego zam\u00f3wienia publicznego pn. \u201e<strong>Dostawa wyposa\u017cenia kuchni\u201d <\/strong>w ramach projektu pn.: \u201eWspieramy rodziny w gminie \u0141\u0105czna\u201d, zosta\u0142a wybrana oferta firm:<\/p>\n<p><\/p>\n<p><\/p>\n<p>Przedsi\u0119biorstwo Handlowe GAR-DOM S.C. Urszula G\u0142odzik, Marcin G\u0142odzik ul. Domaszowska 93, 25-320 Kielce, oferowana cena brutto 348,34 z\u0142. Oferta otrzyma\u0142a 100 punkt\u00f3w.<\/p>\n<p><a href=\"http:\/\/laczna2.opslaczna.pl\/wp-content\/uploads\/2021\/10\/5-Roztrzygniecie.pdf\">5 Roztrzygni\u0119cie<\/a><\/p>\n<p><\/p>\t\t\t\t\t\t\t\t<\/div>\n\t\t\t\t<\/div>\n\t\t\t\t\t<\/div>\n\t\t<\/div>\n\t\t\t\t\t<\/div>\n\t\t<\/section>\n\t\t\t\t<\/div>\n\t\t","protected":false},"excerpt":{"rendered":"<p>Zamawiaj\u0105cy zawiadamia, i\u017c w drodze przeprowadzonego post\u0119powania dotycz\u0105cego zam\u00f3wienia publicznego pn. \u201eDostawa wyposa\u017cenia kuchni\u201d w ramach projektu pn.: \u201eWspieramy rodziny w gminie \u0141\u0105czna\u201d, zosta\u0142a wybrana oferta firm: Przedsi\u0119biorstwo Handlowe GAR-DOM S.C. Urszula G\u0142odzik, Marcin G\u0142odzik ul. Domaszowska 93, 25-320 Kielce, oferowana cena brutto 348,34 z\u0142. Oferta otrzyma\u0142a 100 punkt\u00f3w. 5 Roztrzygni\u0119cie<\/p>\n","protected":false},"author":3,"featured_media":0,"comment_status":"closed","ping_status":"","sticky":false,"template":"","format":"standard","meta":{"footnotes":""},"categories":[2],"tags":[],"class_list":["post-298","post","type-post","status-publish","format-standard","hentry","category-aktualnosci"],"_links":{"self":[{"href":"https:\/\/opslaczna.pl\/index.php?rest_route=\/wp\/v2\/posts\/298","targetHints":{"allow":["GET"]}}],"collection":[{"href":"https:\/\/opslaczna.pl\/index.php?rest_route=\/wp\/v2\/posts"}],"about":[{"href":"https:\/\/opslaczna.pl\/index.php?rest_route=\/wp\/v2\/types\/post"}],"author":[{"embeddable":true,"href":"https:\/\/opslaczna.pl\/index.php?rest_route=\/wp\/v2\/users\/3"}],"replies":[{"embeddable":true,"href":"https:\/\/opslaczna.pl\/index.php?rest_route=%2Fwp%2Fv2%2Fcomments&post=298"}],"version-history":[{"count":10,"href":"https:\/\/opslaczna.pl\/index.php?rest_route=\/wp\/v2\/posts\/298\/revisions"}],"predecessor-version":[{"id":417,"href":"https:\/\/opslaczna.pl\/index.php?rest_route=\/wp\/v2\/posts\/298\/revisions\/417"}],"wp:attachment":[{"href":"https:\/\/opslaczna.pl\/index.php?rest_route=%2Fwp%2Fv2%2Fmedia&parent=298"}],"wp:term":[{"taxonomy":"category","embeddable":true,"href":"https:\/\/opslaczna.pl\/index.php?rest_route=%2Fwp%2Fv2%2Fcategories&post=298"},{"taxonomy":"post_tag","embeddable":true,"href":"https:\/\/opslaczna.pl\/index.php?rest_route=%2Fwp%2Fv2%2Ftags&post=298"}],"curies":[{"name":"wp","href":"https:\/\/api.w.org\/{rel}","templated":true}]}}