{"id":295,"date":"2021-07-06T12:18:14","date_gmt":"2021-07-06T12:18:14","guid":{"rendered":"http:\/\/laczna2.opslaczna.pl\/?p=295"},"modified":"2021-07-06T12:18:14","modified_gmt":"2021-07-06T12:18:14","slug":"informacja-w-sprawie-rzadowego-programu-dobry-start","status":"publish","type":"post","link":"https:\/\/opslaczna.pl\/?p=295","title":{"rendered":"Informacja w sprawie rz\u0105dowego programu &#8222;Dobry Start&#8221;"},"content":{"rendered":"\n<p>Gminny O\u015brodek Pomocy Spo\u0142ecznej informuje, \u017ce w zwi\u0105zku z Rozporz\u0105dzeniem Rady Ministr\u00f3w z dnia 15 czerwca 2021 r. (Dz.U. z 2021 poz.1092) w sprawie szczeg\u00f3\u0142owych warunk\u00f3w realizacji rz\u0105dowego programu ,,Dobry Start\u201d\u00a0<strong>wnioski od 01.07.2021 nale\u017cy sk\u0142ada\u0107 tylko w formie elektronicznej<\/strong>, a obs\u0142ug\u0105 w pe\u0142ni zautomatyzowanego procesu\u00a0<strong>zajmie si\u0119 Zak\u0142ad Ubezpiecze\u0144 Spo\u0142ecznych.<\/strong><\/p>\n","protected":false},"excerpt":{"rendered":"<p>Gminny O\u015brodek Pomocy Spo\u0142ecznej informuje, \u017ce w zwi\u0105zku z Rozporz\u0105dzeniem Rady Ministr\u00f3w z dnia 15 czerwca 2021 r. (Dz.U. z 2021 poz.1092) w sprawie szczeg\u00f3\u0142owych warunk\u00f3w realizacji rz\u0105dowego programu ,,Dobry Start\u201d\u00a0wnioski od 01.07.2021 nale\u017cy sk\u0142ada\u0107 tylko w formie elektronicznej, a obs\u0142ug\u0105 w pe\u0142ni zautomatyzowanego procesu\u00a0zajmie si\u0119 Zak\u0142ad Ubezpiecze\u0144 Spo\u0142ecznych.<\/p>\n","protected":false},"author":2,"featured_media":0,"comment_status":"closed","ping_status":"","sticky":false,"template":"","format":"standard","meta":{"footnotes":""},"categories":[2],"tags":[],"class_list":["post-295","post","type-post","status-publish","format-standard","hentry","category-aktualnosci"],"_links":{"self":[{"href":"https:\/\/opslaczna.pl\/index.php?rest_route=\/wp\/v2\/posts\/295","targetHints":{"allow":["GET"]}}],"collection":[{"href":"https:\/\/opslaczna.pl\/index.php?rest_route=\/wp\/v2\/posts"}],"about":[{"href":"https:\/\/opslaczna.pl\/index.php?rest_route=\/wp\/v2\/types\/post"}],"author":[{"embeddable":true,"href":"https:\/\/opslaczna.pl\/index.php?rest_route=\/wp\/v2\/users\/2"}],"replies":[{"embeddable":true,"href":"https:\/\/opslaczna.pl\/index.php?rest_route=%2Fwp%2Fv2%2Fcomments&post=295"}],"version-history":[{"count":1,"href":"https:\/\/opslaczna.pl\/index.php?rest_route=\/wp\/v2\/posts\/295\/revisions"}],"predecessor-version":[{"id":296,"href":"https:\/\/opslaczna.pl\/index.php?rest_route=\/wp\/v2\/posts\/295\/revisions\/296"}],"wp:attachment":[{"href":"https:\/\/opslaczna.pl\/index.php?rest_route=%2Fwp%2Fv2%2Fmedia&parent=295"}],"wp:term":[{"taxonomy":"category","embeddable":true,"href":"https:\/\/opslaczna.pl\/index.php?rest_route=%2Fwp%2Fv2%2Fcategories&post=295"},{"taxonomy":"post_tag","embeddable":true,"href":"https:\/\/opslaczna.pl\/index.php?rest_route=%2Fwp%2Fv2%2Ftags&post=295"}],"curies":[{"name":"wp","href":"https:\/\/api.w.org\/{rel}","templated":true}]}}