{"id":261,"date":"2021-06-30T11:11:55","date_gmt":"2021-06-30T11:11:55","guid":{"rendered":"http:\/\/laczna2.opslaczna.pl\/?p=261"},"modified":"2021-06-30T11:13:03","modified_gmt":"2021-06-30T11:13:03","slug":"zapytanie-ofertowe-nr-9-2-1-5-2021","status":"publish","type":"post","link":"https:\/\/opslaczna.pl\/?p=261","title":{"rendered":"Zapytanie ofertowe nr 9.2.1-5\/2021"},"content":{"rendered":"\t\t<div data-elementor-type=\"wp-post\" data-elementor-id=\"261\" class=\"elementor elementor-261\">\n\t\t\t\t\t\t<section class=\"elementor-section elementor-top-section elementor-element elementor-element-2ea5b0e2 elementor-section-boxed elementor-section-height-default elementor-section-height-default\" data-id=\"2ea5b0e2\" data-element_type=\"section\">\n\t\t\t\t\t\t<div class=\"elementor-container elementor-column-gap-default\">\n\t\t\t\t\t<div class=\"elementor-column elementor-col-100 elementor-top-column elementor-element elementor-element-78f32714\" data-id=\"78f32714\" data-element_type=\"column\">\n\t\t\t<div class=\"elementor-widget-wrap elementor-element-populated\">\n\t\t\t\t\t\t<div class=\"elementor-element elementor-element-4192fa45 elementor-widget elementor-widget-text-editor\" data-id=\"4192fa45\" data-element_type=\"widget\" data-widget_type=\"text-editor.default\">\n\t\t\t\t<div class=\"elementor-widget-container\">\n\t\t\t\t\t\t\t\t\t<p><\/p>\n<p>Gmina \u0141\u0105czna\/Gminny O\u015brodek Pomocy Spo\u0142ecznej w \u0141\u0105cznej\u00a0zaprasza do sk\u0142adania ofert na realizacj\u0119 zam\u00f3wienia rpublicznego pn<strong>. <a>\u201eDostawa <\/a>apteczki pierwszej pomocy\u201d<\/strong><\/p>\n<p><\/p>\n<p><\/p>\n<p><a href=\"http:\/\/laczna2.opslaczna.pl\/wp-content\/uploads\/2021\/06\/5_2021.zip\">ZAPYTANIE OFERTOWE nr 9.2.1-5\/2021<\/a><\/p>\n<p><\/p>\t\t\t\t\t\t\t\t<\/div>\n\t\t\t\t<\/div>\n\t\t\t\t\t<\/div>\n\t\t<\/div>\n\t\t\t\t\t<\/div>\n\t\t<\/section>\n\t\t\t\t<\/div>\n\t\t","protected":false},"excerpt":{"rendered":"<p>Gmina \u0141\u0105czna\/Gminny O\u015brodek Pomocy Spo\u0142ecznej w \u0141\u0105cznej\u00a0zaprasza do sk\u0142adania ofert na realizacj\u0119 zam\u00f3wienia rpublicznego pn. \u201eDostawa apteczki pierwszej pomocy\u201d ZAPYTANIE OFERTOWE nr 9.2.1-5\/2021<\/p>\n","protected":false},"author":3,"featured_media":0,"comment_status":"closed","ping_status":"","sticky":false,"template":"","format":"standard","meta":{"footnotes":""},"categories":[2],"tags":[],"class_list":["post-261","post","type-post","status-publish","format-standard","hentry","category-aktualnosci"],"_links":{"self":[{"href":"https:\/\/opslaczna.pl\/index.php?rest_route=\/wp\/v2\/posts\/261","targetHints":{"allow":["GET"]}}],"collection":[{"href":"https:\/\/opslaczna.pl\/index.php?rest_route=\/wp\/v2\/posts"}],"about":[{"href":"https:\/\/opslaczna.pl\/index.php?rest_route=\/wp\/v2\/types\/post"}],"author":[{"embeddable":true,"href":"https:\/\/opslaczna.pl\/index.php?rest_route=\/wp\/v2\/users\/3"}],"replies":[{"embeddable":true,"href":"https:\/\/opslaczna.pl\/index.php?rest_route=%2Fwp%2Fv2%2Fcomments&post=261"}],"version-history":[{"count":3,"href":"https:\/\/opslaczna.pl\/index.php?rest_route=\/wp\/v2\/posts\/261\/revisions"}],"predecessor-version":[{"id":265,"href":"https:\/\/opslaczna.pl\/index.php?rest_route=\/wp\/v2\/posts\/261\/revisions\/265"}],"wp:attachment":[{"href":"https:\/\/opslaczna.pl\/index.php?rest_route=%2Fwp%2Fv2%2Fmedia&parent=261"}],"wp:term":[{"taxonomy":"category","embeddable":true,"href":"https:\/\/opslaczna.pl\/index.php?rest_route=%2Fwp%2Fv2%2Fcategories&post=261"},{"taxonomy":"post_tag","embeddable":true,"href":"https:\/\/opslaczna.pl\/index.php?rest_route=%2Fwp%2Fv2%2Ftags&post=261"}],"curies":[{"name":"wp","href":"https:\/\/api.w.org\/{rel}","templated":true}]}}