{"id":246,"date":"2021-06-23T08:00:25","date_gmt":"2021-06-23T08:00:25","guid":{"rendered":"http:\/\/laczna2.opslaczna.pl\/?p=246"},"modified":"2021-06-23T08:01:05","modified_gmt":"2021-06-23T08:01:05","slug":"wakacje-w-swietlicach-srodowiskowych","status":"publish","type":"post","link":"https:\/\/opslaczna.pl\/?p=246","title":{"rendered":"WAKACJE W \u015aWIETLICACH \u015aRODOWISKOWYCH"},"content":{"rendered":"\t\t<div data-elementor-type=\"wp-post\" data-elementor-id=\"246\" class=\"elementor elementor-246\">\n\t\t\t\t\t\t<section class=\"elementor-section elementor-top-section elementor-element elementor-element-3659d798 elementor-section-boxed elementor-section-height-default elementor-section-height-default\" data-id=\"3659d798\" data-element_type=\"section\">\n\t\t\t\t\t\t<div class=\"elementor-container elementor-column-gap-default\">\n\t\t\t\t\t<div class=\"elementor-column elementor-col-100 elementor-top-column elementor-element elementor-element-5fa5c04c\" data-id=\"5fa5c04c\" data-element_type=\"column\">\n\t\t\t<div class=\"elementor-widget-wrap elementor-element-populated\">\n\t\t\t\t\t\t<div class=\"elementor-element elementor-element-73b0abd4 elementor-widget elementor-widget-text-editor\" data-id=\"73b0abd4\" data-element_type=\"widget\" data-widget_type=\"text-editor.default\">\n\t\t\t\t<div class=\"elementor-widget-container\">\n\t\t\t\t\t\t\t\t\t\n<p>\u00a0<\/p>\n\n<p>Gminny Osrodek Pomocy Spo\u0142ecznej infrmuje, i\u017c \u015bwietlice \u015brodowiskowe w Kamionkach, Klonowie i Zag\u00f3rzu w okresie wakacyjnym tj . od 28.06.2021-31.07.2021 b\u0119d\u0105 czynne od poniedzia\u0142ku do pi\u0105tku w godzinach 9.00-13.00.\u00a0<\/p>\n<p><a href=\"http:\/\/laczna2.opslaczna.pl\/wp-content\/uploads\/2021\/06\/Skan-Zarzadzenie-7-2021.pdf\">Skan Zarz\u0105dzenie 7 2021<\/a><\/p>\n\t\t\t\t\t\t\t\t<\/div>\n\t\t\t\t<\/div>\n\t\t\t\t\t<\/div>\n\t\t<\/div>\n\t\t\t\t\t<\/div>\n\t\t<\/section>\n\t\t\t\t<\/div>\n\t\t","protected":false},"excerpt":{"rendered":"<p>\u00a0 Gminny Osrodek Pomocy Spo\u0142ecznej infrmuje, i\u017c \u015bwietlice \u015brodowiskowe w Kamionkach, Klonowie i Zag\u00f3rzu w okresie wakacyjnym tj . od 28.06.2021-31.07.2021 b\u0119d\u0105 czynne od poniedzia\u0142ku do pi\u0105tku w godzinach 9.00-13.00.\u00a0 Skan Zarz\u0105dzenie 7 2021<\/p>\n","protected":false},"author":3,"featured_media":0,"comment_status":"closed","ping_status":"","sticky":false,"template":"","format":"standard","meta":{"footnotes":""},"categories":[2],"tags":[],"class_list":["post-246","post","type-post","status-publish","format-standard","hentry","category-aktualnosci"],"_links":{"self":[{"href":"https:\/\/opslaczna.pl\/index.php?rest_route=\/wp\/v2\/posts\/246","targetHints":{"allow":["GET"]}}],"collection":[{"href":"https:\/\/opslaczna.pl\/index.php?rest_route=\/wp\/v2\/posts"}],"about":[{"href":"https:\/\/opslaczna.pl\/index.php?rest_route=\/wp\/v2\/types\/post"}],"author":[{"embeddable":true,"href":"https:\/\/opslaczna.pl\/index.php?rest_route=\/wp\/v2\/users\/3"}],"replies":[{"embeddable":true,"href":"https:\/\/opslaczna.pl\/index.php?rest_route=%2Fwp%2Fv2%2Fcomments&post=246"}],"version-history":[{"count":7,"href":"https:\/\/opslaczna.pl\/index.php?rest_route=\/wp\/v2\/posts\/246\/revisions"}],"predecessor-version":[{"id":253,"href":"https:\/\/opslaczna.pl\/index.php?rest_route=\/wp\/v2\/posts\/246\/revisions\/253"}],"wp:attachment":[{"href":"https:\/\/opslaczna.pl\/index.php?rest_route=%2Fwp%2Fv2%2Fmedia&parent=246"}],"wp:term":[{"taxonomy":"category","embeddable":true,"href":"https:\/\/opslaczna.pl\/index.php?rest_route=%2Fwp%2Fv2%2Fcategories&post=246"},{"taxonomy":"post_tag","embeddable":true,"href":"https:\/\/opslaczna.pl\/index.php?rest_route=%2Fwp%2Fv2%2Ftags&post=246"}],"curies":[{"name":"wp","href":"https:\/\/api.w.org\/{rel}","templated":true}]}}