{"id":236,"date":"2021-06-18T09:10:17","date_gmt":"2021-06-18T09:10:17","guid":{"rendered":"http:\/\/laczna2.opslaczna.pl\/?p=236"},"modified":"2021-06-18T09:10:17","modified_gmt":"2021-06-18T09:10:17","slug":"ogloszenie-2","status":"publish","type":"post","link":"https:\/\/opslaczna.pl\/?p=236","title":{"rendered":"OG\u0141OSZENIE"},"content":{"rendered":"\n<p><\/p>\n\n\n\n<p class=\"has-text-align-center\"><strong>W\u00f3jt Gminy \u0141\u0105czna, Gminny O\u015brodek Pomocy Spo\u0142ecznej w \u0141\u0105cznej oraz Polski Komitet Pomocy Spo\u0142ecznej w \u0141\u0105cznej informuje, i\u017c wydawanie \u017cywno\u015bci osobom, kt\u00f3re uzyska\u0142y skierowanie odb\u0119dzie si\u0119\u00a0 w <\/strong><\/p>\n\n\n\n<p class=\"has-text-align-center\"><strong><span class=\"has-inline-color has-vivid-red-color\">poniedzia\u0142ek (21 czerwca 2021r.)<br>w godzinach 9:00 \u2013 14:00<\/span><\/strong><\/p>\n\n\n\n<p class=\"has-text-align-center\"><strong><u>Wydawanie \u017cywno\u015bci odb\u0119dzie si\u0119 w re\u017cimie sanitarnym.<br>Stoj\u0105c w kolejce prosimy zachowa\u0107 bezpieczn\u0105 odleg\u0142o\u015b\u0107 oraz przestrzega\u0107 obowi\u0105zku noszenia maseczek.<\/u><\/strong><\/p>\n","protected":false},"excerpt":{"rendered":"<p>W\u00f3jt Gminy \u0141\u0105czna, Gminny O\u015brodek Pomocy Spo\u0142ecznej w \u0141\u0105cznej oraz Polski Komitet Pomocy Spo\u0142ecznej w \u0141\u0105cznej informuje, i\u017c wydawanie \u017cywno\u015bci osobom, kt\u00f3re uzyska\u0142y skierowanie odb\u0119dzie si\u0119\u00a0 w poniedzia\u0142ek (21 czerwca 2021r.)w godzinach 9:00 \u2013 14:00 Wydawanie \u017cywno\u015bci odb\u0119dzie si\u0119 w re\u017cimie sanitarnym.Stoj\u0105c w kolejce prosimy zachowa\u0107 bezpieczn\u0105 odleg\u0142o\u015b\u0107 oraz przestrzega\u0107 obowi\u0105zku noszenia maseczek.<\/p>\n","protected":false},"author":2,"featured_media":0,"comment_status":"closed","ping_status":"","sticky":false,"template":"","format":"standard","meta":{"footnotes":""},"categories":[2],"tags":[],"class_list":["post-236","post","type-post","status-publish","format-standard","hentry","category-aktualnosci"],"_links":{"self":[{"href":"https:\/\/opslaczna.pl\/index.php?rest_route=\/wp\/v2\/posts\/236","targetHints":{"allow":["GET"]}}],"collection":[{"href":"https:\/\/opslaczna.pl\/index.php?rest_route=\/wp\/v2\/posts"}],"about":[{"href":"https:\/\/opslaczna.pl\/index.php?rest_route=\/wp\/v2\/types\/post"}],"author":[{"embeddable":true,"href":"https:\/\/opslaczna.pl\/index.php?rest_route=\/wp\/v2\/users\/2"}],"replies":[{"embeddable":true,"href":"https:\/\/opslaczna.pl\/index.php?rest_route=%2Fwp%2Fv2%2Fcomments&post=236"}],"version-history":[{"count":1,"href":"https:\/\/opslaczna.pl\/index.php?rest_route=\/wp\/v2\/posts\/236\/revisions"}],"predecessor-version":[{"id":237,"href":"https:\/\/opslaczna.pl\/index.php?rest_route=\/wp\/v2\/posts\/236\/revisions\/237"}],"wp:attachment":[{"href":"https:\/\/opslaczna.pl\/index.php?rest_route=%2Fwp%2Fv2%2Fmedia&parent=236"}],"wp:term":[{"taxonomy":"category","embeddable":true,"href":"https:\/\/opslaczna.pl\/index.php?rest_route=%2Fwp%2Fv2%2Fcategories&post=236"},{"taxonomy":"post_tag","embeddable":true,"href":"https:\/\/opslaczna.pl\/index.php?rest_route=%2Fwp%2Fv2%2Ftags&post=236"}],"curies":[{"name":"wp","href":"https:\/\/api.w.org\/{rel}","templated":true}]}}