{"id":191,"date":"2021-05-27T10:19:11","date_gmt":"2021-05-27T10:19:11","guid":{"rendered":"http:\/\/laczna2.opslaczna.pl\/?p=191"},"modified":"2021-05-27T10:21:22","modified_gmt":"2021-05-27T10:21:22","slug":"zarzadzenie-nr-6-2021","status":"publish","type":"post","link":"https:\/\/opslaczna.pl\/?p=191","title":{"rendered":"Zarz\u0105dzenie Nr 6\/2021"},"content":{"rendered":"\t\t<div data-elementor-type=\"wp-post\" data-elementor-id=\"191\" class=\"elementor elementor-191\">\n\t\t\t\t\t\t<section class=\"elementor-section elementor-top-section elementor-element elementor-element-4ebb4359 elementor-section-boxed elementor-section-height-default elementor-section-height-default\" data-id=\"4ebb4359\" data-element_type=\"section\">\n\t\t\t\t\t\t<div class=\"elementor-container elementor-column-gap-default\">\n\t\t\t\t\t<div class=\"elementor-column elementor-col-100 elementor-top-column elementor-element elementor-element-175ecd32\" data-id=\"175ecd32\" data-element_type=\"column\">\n\t\t\t<div class=\"elementor-widget-wrap elementor-element-populated\">\n\t\t\t\t\t\t<div class=\"elementor-element elementor-element-49b5e6f9 elementor-widget elementor-widget-text-editor\" data-id=\"49b5e6f9\" data-element_type=\"widget\" data-widget_type=\"text-editor.default\">\n\t\t\t\t<div class=\"elementor-widget-container\">\n\t\t\t\t\t\t\t\t\t<p><\/p>\n<p>Kierownika Gminnego O\u015brodka Pomocy Spo\u0142ecznej w \u0141\u0105cznej<\/p>\n<p><\/p>\n<p>w sprawie: ustalenia dnia wolnego od pracy w Gminnym O\u015brodku Pomocy Spo\u0142ecznej w \u0141\u0105cznej w zamian za \u015bwi\u0119to przypadaj\u0105ce w sobot\u0119 1 maja 2021r.<\/p>\n<p><\/p>\n<p><\/p>\t\t\t\t\t\t\t\t<\/div>\n\t\t\t\t<\/div>\n\t\t\t\t\t<\/div>\n\t\t<\/div>\n\t\t\t\t\t<\/div>\n\t\t<\/section>\n\t\t\t\t<section class=\"elementor-section elementor-top-section elementor-element elementor-element-2675c30 elementor-section-boxed elementor-section-height-default elementor-section-height-default\" data-id=\"2675c30\" data-element_type=\"section\">\n\t\t\t\t\t\t<div class=\"elementor-container elementor-column-gap-default\">\n\t\t\t\t\t<div class=\"elementor-column elementor-col-100 elementor-top-column elementor-element elementor-element-e23811b\" data-id=\"e23811b\" data-element_type=\"column\">\n\t\t\t<div class=\"elementor-widget-wrap elementor-element-populated\">\n\t\t\t\t\t\t<div class=\"elementor-element elementor-element-6849075 elementor-align-center elementor-widget elementor-widget-button\" data-id=\"6849075\" data-element_type=\"widget\" data-widget_type=\"button.default\">\n\t\t\t\t<div class=\"elementor-widget-container\">\n\t\t\t\t\t\t\t\t\t<div class=\"elementor-button-wrapper\">\n\t\t\t\t\t<a class=\"elementor-button elementor-button-link elementor-size-sm\" href=\"http:\/\/laczna2.opslaczna.pl\/wp-content\/uploads\/2021\/05\/zarzadzenie62021.pdf\">\n\t\t\t\t\t\t<span class=\"elementor-button-content-wrapper\">\n\t\t\t\t\t\t\t\t\t<span class=\"elementor-button-text\">Zarz\u0105dzenie do pobrania<\/span>\n\t\t\t\t\t<\/span>\n\t\t\t\t\t<\/a>\n\t\t\t\t<\/div>\n\t\t\t\t\t\t\t\t<\/div>\n\t\t\t\t<\/div>\n\t\t\t\t\t<\/div>\n\t\t<\/div>\n\t\t\t\t\t<\/div>\n\t\t<\/section>\n\t\t\t\t<\/div>\n\t\t","protected":false},"excerpt":{"rendered":"<p>Kierownika Gminnego O\u015brodka Pomocy Spo\u0142ecznej w \u0141\u0105cznej w sprawie: ustalenia dnia wolnego od pracy w Gminnym O\u015brodku Pomocy Spo\u0142ecznej w \u0141\u0105cznej w zamian za \u015bwi\u0119to przypadaj\u0105ce w sobot\u0119 1 maja 2021r. Zarz\u0105dzenie do pobrania<\/p>\n","protected":false},"author":2,"featured_media":0,"comment_status":"closed","ping_status":"","sticky":false,"template":"","format":"standard","meta":{"footnotes":""},"categories":[2],"tags":[],"class_list":["post-191","post","type-post","status-publish","format-standard","hentry","category-aktualnosci"],"_links":{"self":[{"href":"https:\/\/opslaczna.pl\/index.php?rest_route=\/wp\/v2\/posts\/191","targetHints":{"allow":["GET"]}}],"collection":[{"href":"https:\/\/opslaczna.pl\/index.php?rest_route=\/wp\/v2\/posts"}],"about":[{"href":"https:\/\/opslaczna.pl\/index.php?rest_route=\/wp\/v2\/types\/post"}],"author":[{"embeddable":true,"href":"https:\/\/opslaczna.pl\/index.php?rest_route=\/wp\/v2\/users\/2"}],"replies":[{"embeddable":true,"href":"https:\/\/opslaczna.pl\/index.php?rest_route=%2Fwp%2Fv2%2Fcomments&post=191"}],"version-history":[{"count":4,"href":"https:\/\/opslaczna.pl\/index.php?rest_route=\/wp\/v2\/posts\/191\/revisions"}],"predecessor-version":[{"id":196,"href":"https:\/\/opslaczna.pl\/index.php?rest_route=\/wp\/v2\/posts\/191\/revisions\/196"}],"wp:attachment":[{"href":"https:\/\/opslaczna.pl\/index.php?rest_route=%2Fwp%2Fv2%2Fmedia&parent=191"}],"wp:term":[{"taxonomy":"category","embeddable":true,"href":"https:\/\/opslaczna.pl\/index.php?rest_route=%2Fwp%2Fv2%2Fcategories&post=191"},{"taxonomy":"post_tag","embeddable":true,"href":"https:\/\/opslaczna.pl\/index.php?rest_route=%2Fwp%2Fv2%2Ftags&post=191"}],"curies":[{"name":"wp","href":"https:\/\/api.w.org\/{rel}","templated":true}]}}