{"id":179,"date":"2021-05-27T07:11:31","date_gmt":"2021-05-27T07:11:31","guid":{"rendered":"http:\/\/laczna2.opslaczna.pl\/?p=179"},"modified":"2021-05-27T07:11:31","modified_gmt":"2021-05-27T07:11:31","slug":"zajecia-w-swietlicach-srodowiskowych-na-terenie-gminy-laczna","status":"publish","type":"post","link":"https:\/\/opslaczna.pl\/?p=179","title":{"rendered":"Zaj\u0119cia w \u015bwietlicach \u015brodowiskowych na terenie gminy \u0141\u0105czna"},"content":{"rendered":"\n<p><strong>Zaj\u0119cia z j\u0119zyka angielskiego, teatralno- artystyczne, informatyczne oraz poradnictwo rodzinne \u2013 z tych i innych form sp\u0119dzania czasu oraz form pomocy korzystaj\u0105 dzieci, m\u0142odzie\u017c i doro\u015bli \u2013 ca\u0142e rodziny z terenu gminy \u0141\u0105czna. Wszystko dzi\u0119ki realizacji projektu &nbsp;pn. \u201eWspieramy rodziny w gminie \u0141\u0105czna \u201d. W ramach projektu Gmina \u0141\u0105czna &nbsp;wsp\u00f3lnie z GOPS w \u0141\u0105cznej otrzyma\u0142a blisko 2 mln z\u0142otych na popraw\u0119 dost\u0119pno\u015bci i jako\u015bci us\u0142ug spo\u0142ecznych na terenie gminy<\/strong><strong><br><br><\/strong><\/p>\n\n\n\n<p>Dzi\u0119ki podj\u0119tym dzia\u0142aniom w miejscowo\u015bciach Kamionki, Klon\u00f3w i Zag\u00f3rze powsta\u0142y \u015bwietlice \u015brodowiskowe. W ramach ich funkcjonowania odbywaj\u0105 si\u0119 zaj\u0119cia:<\/p>\n\n\n\n<ul class=\"wp-block-list\"><li>j\u0119zyka angielskiego,<\/li><li>informatyki,<\/li><li>teatralno- artystyczne,<\/li><li>sportowo-ruchowe,<\/li><li>kulinarne,<\/li><li>kreatywne i plastyczne,<\/li><li>integracyjne.<\/li><\/ul>\n\n\n\n<p>Co wi\u0119cej, w \u015bwietlicach skorzysta\u0107 mo\u017cna z poradnictwa rodzinnego dla doros\u0142ych (prawnika\/ psychologa). \u015awietlice otwarte s\u0105 &nbsp;5 dni w tygodniu prze 4 godziny dziennie w godzinach 15.00 -19.00. W ka\u017cdej \u015bwietlicy pracuj\u0105 wychowawcy wsp\u00f3\u0142pracuj\u0105cy z instruktorami przeprowadzaj\u0105cymi zaj\u0119cia i warsztaty. Ich prac\u0105 kieruje kierownik \u015bwietlic. Realizacja tak r\u00f3\u017cnorodnej oferty zaj\u0119\u0107 mo\u017cliwa jest dzi\u0119ki zakupowi pomocy takich jak: komputery, tablice multimedialne, pomoce do zaj\u0119\u0107 z j\u0119zyka angielskiego, teatralno- artystycznych, sportowo-ruchowych.<\/p>\n\n\n\n<p>Projekt \u201eWspieramy rodziny w gminie \u0141\u0105czna\u201d realizowany jest na podstawie umowy nr RPSW.09.02.01-26-0040\/18-00 z dnia 31.01.2019 przez Gmin\u0119 \u0141\u0105czna\/ Gminny O\u015brodek Pomocy Spo\u0142ecznej w \u0141\u0105cznej. Projekt wsp\u00f3\u0142finansowany w ramach Regionalnego Programu Operacyjnego Wojew\u00f3dztwa \u015awi\u0119tokrzyskiego na lata 2014 -2020 w ramach Priorytetu 9 W\u0142\u0105czenie spo\u0142eczne i walka z ub\u00f3stwem Poddzia\u0142anie 09.02.01 Rozw\u00f3j wysokiej jako\u015bci us\u0142ug spo\u0142ecznych.<\/p>\n\n\n\n<p>Okres realizacji: 2019-05-01 &#8211; 2022-07-31.<\/p>\n\n\n\n<p>Ca\u0142kowita warto\u015b\u0107 projektu: 1 976 113,25 z\u0142.<\/p>\n\n\n\n<p>Z wparcia w ramach projektu do maja 2021r. skorzysta\u0142o 101 os\u00f3b. &nbsp;<\/p>\n","protected":false},"excerpt":{"rendered":"<p>Zaj\u0119cia z j\u0119zyka angielskiego, teatralno- artystyczne, informatyczne oraz poradnictwo rodzinne \u2013 z tych i innych form sp\u0119dzania czasu oraz form pomocy korzystaj\u0105 dzieci, m\u0142odzie\u017c i doro\u015bli \u2013 ca\u0142e rodziny z terenu gminy \u0141\u0105czna. Wszystko dzi\u0119ki realizacji projektu &nbsp;pn. \u201eWspieramy rodziny w gminie \u0141\u0105czna \u201d. W ramach projektu Gmina \u0141\u0105czna &nbsp;wsp\u00f3lnie z GOPS w \u0141\u0105cznej otrzyma\u0142a &hellip; <\/p>\n","protected":false},"author":3,"featured_media":0,"comment_status":"closed","ping_status":"","sticky":false,"template":"","format":"standard","meta":{"footnotes":""},"categories":[2],"tags":[],"class_list":["post-179","post","type-post","status-publish","format-standard","hentry","category-aktualnosci"],"_links":{"self":[{"href":"https:\/\/opslaczna.pl\/index.php?rest_route=\/wp\/v2\/posts\/179","targetHints":{"allow":["GET"]}}],"collection":[{"href":"https:\/\/opslaczna.pl\/index.php?rest_route=\/wp\/v2\/posts"}],"about":[{"href":"https:\/\/opslaczna.pl\/index.php?rest_route=\/wp\/v2\/types\/post"}],"author":[{"embeddable":true,"href":"https:\/\/opslaczna.pl\/index.php?rest_route=\/wp\/v2\/users\/3"}],"replies":[{"embeddable":true,"href":"https:\/\/opslaczna.pl\/index.php?rest_route=%2Fwp%2Fv2%2Fcomments&post=179"}],"version-history":[{"count":1,"href":"https:\/\/opslaczna.pl\/index.php?rest_route=\/wp\/v2\/posts\/179\/revisions"}],"predecessor-version":[{"id":180,"href":"https:\/\/opslaczna.pl\/index.php?rest_route=\/wp\/v2\/posts\/179\/revisions\/180"}],"wp:attachment":[{"href":"https:\/\/opslaczna.pl\/index.php?rest_route=%2Fwp%2Fv2%2Fmedia&parent=179"}],"wp:term":[{"taxonomy":"category","embeddable":true,"href":"https:\/\/opslaczna.pl\/index.php?rest_route=%2Fwp%2Fv2%2Fcategories&post=179"},{"taxonomy":"post_tag","embeddable":true,"href":"https:\/\/opslaczna.pl\/index.php?rest_route=%2Fwp%2Fv2%2Ftags&post=179"}],"curies":[{"name":"wp","href":"https:\/\/api.w.org\/{rel}","templated":true}]}}