{"id":1734,"date":"2025-12-10T10:32:29","date_gmt":"2025-12-10T10:32:29","guid":{"rendered":"https:\/\/opslaczna.pl\/?p=1734"},"modified":"2026-02-18T11:16:21","modified_gmt":"2026-02-18T11:16:21","slug":"podziekowania-3","status":"publish","type":"post","link":"https:\/\/opslaczna.pl\/?p=1734","title":{"rendered":"Podzi\u0119kowania"},"content":{"rendered":"\t\t<div data-elementor-type=\"wp-post\" data-elementor-id=\"1734\" class=\"elementor elementor-1734\">\n\t\t\t\t\t\t<section class=\"elementor-section elementor-top-section elementor-element elementor-element-8943ed7 elementor-section-boxed elementor-section-height-default elementor-section-height-default\" data-id=\"8943ed7\" data-element_type=\"section\">\n\t\t\t\t\t\t<div class=\"elementor-container elementor-column-gap-default\">\n\t\t\t\t\t<div class=\"elementor-column elementor-col-100 elementor-top-column elementor-element elementor-element-2cdbcfe\" data-id=\"2cdbcfe\" data-element_type=\"column\">\n\t\t\t<div class=\"elementor-widget-wrap elementor-element-populated\">\n\t\t\t\t\t\t<div class=\"elementor-element elementor-element-13d0afb elementor-widget elementor-widget-text-editor\" data-id=\"13d0afb\" data-element_type=\"widget\" data-widget_type=\"text-editor.default\">\n\t\t\t\t<div class=\"elementor-widget-container\">\n\t\t\t\t\t\t\t\t\t<p style=\"text-align: center;\"><span style=\"color: #ff0000;\"><strong>PODZI\u0118KOWANIA<\/strong><\/span><\/p><p style=\"text-align: center;\">\u00a0<\/p><p style=\"text-align: center;\">Sk\u0142adamy serdeczne podzi\u0119kowania <span style=\"color: #ff0000;\">Kibicom Korony Kielce FC P\u00f3\u0142noc<\/span>,<\/p><p style=\"text-align: center;\">kt\u00f3rzy ju\u017c po raz trzeci w ramach akcji <span style=\"color: #ff0000;\">\u201eMiko\u0142aj jest z P\u00f3\u0142nocy\u201d<\/span><\/p><p style=\"text-align: center;\">z ogromnym sercem przygotowali paczki miko\u0142ajkowe<\/p><p style=\"text-align: center;\">\u00a0dla dzieci z terenu Gminy \u0141\u0105czna.<\/p><p style=\"text-align: center;\">\u00a0<\/p><p style=\"text-align: center;\">Dzi\u0119ki Waszej \u017cyczliwo\u015bci, zaanga\u017cowaniu i nies\u0142abn\u0105cej energii<\/p><p style=\"text-align: center;\">wiele dzieci z naszej gminy mog\u0142o poczu\u0107 magi\u0119 \u015bwi\u0105t.<\/p><p style=\"text-align: center;\">Przekazane przez Was prezenty trafi\u0142y do najm\u0142odszych<\/p><p style=\"text-align: center;\">za po\u015brednictwem Gminnego O\u015brodka Pomocy Spo\u0142ecznej w \u0141\u0105cznej,<\/p><p style=\"text-align: center;\">nios\u0105c im u\u015bmiech, kt\u00f3ry na d\u0142ugo pozostanie w ich pami\u0119ci.<\/p><p style=\"text-align: center;\">\u00a0<\/p><p style=\"text-align: center;\">Dzi\u0119kujemy za Wasz\u0105 trosk\u0119, wsparcie i pi\u0119kn\u0105 inicjatyw\u0119,<\/p><p style=\"text-align: center;\">kt\u00f3ra z roku na rok pokazuje jak wiele dobra mo\u017cna tworzy\u0107 razem.<\/p><p style=\"text-align: center;\">Jeste\u015bcie wspania\u0142ym przyk\u0142adem solidarno\u015bci i lokalnej wsp\u00f3lnoty.<\/p>\t\t\t\t\t\t\t\t<\/div>\n\t\t\t\t<\/div>\n\t\t\t\t\t<\/div>\n\t\t<\/div>\n\t\t\t\t\t<\/div>\n\t\t<\/section>\n\t\t\t\t<section class=\"elementor-section elementor-top-section elementor-element elementor-element-12f8166 elementor-section-boxed elementor-section-height-default elementor-section-height-default\" data-id=\"12f8166\" data-element_type=\"section\">\n\t\t\t\t\t\t<div class=\"elementor-container elementor-column-gap-default\">\n\t\t\t\t\t<div class=\"elementor-column elementor-col-100 elementor-top-column elementor-element elementor-element-83cfdec\" data-id=\"83cfdec\" data-element_type=\"column\">\n\t\t\t<div class=\"elementor-widget-wrap elementor-element-populated\">\n\t\t\t\t\t\t<div class=\"elementor-element elementor-element-1319ce4 elementor-widget elementor-widget-image\" data-id=\"1319ce4\" data-element_type=\"widget\" data-widget_type=\"image.default\">\n\t\t\t\t<div class=\"elementor-widget-container\">\n\t\t\t\t\t\t\t\t\t\t\t\t\t\t\t<img fetchpriority=\"high\" decoding=\"async\" width=\"780\" height=\"349\" src=\"https:\/\/opslaczna.pl\/wp-content\/uploads\/2025\/12\/IMG20251205155956-1024x458.jpg\" class=\"attachment-large size-large wp-image-1737\" alt=\"\" srcset=\"https:\/\/opslaczna.pl\/wp-content\/uploads\/2025\/12\/IMG20251205155956-1024x458.jpg 1024w, https:\/\/opslaczna.pl\/wp-content\/uploads\/2025\/12\/IMG20251205155956-300x134.jpg 300w, https:\/\/opslaczna.pl\/wp-content\/uploads\/2025\/12\/IMG20251205155956-768x344.jpg 768w, https:\/\/opslaczna.pl\/wp-content\/uploads\/2025\/12\/IMG20251205155956-1536x687.jpg 1536w, https:\/\/opslaczna.pl\/wp-content\/uploads\/2025\/12\/IMG20251205155956-2048x916.jpg 2048w\" sizes=\"(max-width: 780px) 100vw, 780px\" \/>\t\t\t\t\t\t\t\t\t\t\t\t\t\t\t<\/div>\n\t\t\t\t<\/div>\n\t\t\t\t<div class=\"elementor-element elementor-element-031e546 elementor-widget elementor-widget-image\" data-id=\"031e546\" data-element_type=\"widget\" data-widget_type=\"image.default\">\n\t\t\t\t<div class=\"elementor-widget-container\">\n\t\t\t\t\t\t\t\t\t\t\t\t\t\t\t<img decoding=\"async\" width=\"780\" height=\"632\" src=\"https:\/\/opslaczna.pl\/wp-content\/uploads\/2025\/12\/Messenger_creation_431D82AA-A3F5-4965-864F-C8C9AD139C8A-1024x830.jpg\" class=\"attachment-large size-large wp-image-1740\" alt=\"\" srcset=\"https:\/\/opslaczna.pl\/wp-content\/uploads\/2025\/12\/Messenger_creation_431D82AA-A3F5-4965-864F-C8C9AD139C8A-1024x830.jpg 1024w, https:\/\/opslaczna.pl\/wp-content\/uploads\/2025\/12\/Messenger_creation_431D82AA-A3F5-4965-864F-C8C9AD139C8A-300x243.jpg 300w, https:\/\/opslaczna.pl\/wp-content\/uploads\/2025\/12\/Messenger_creation_431D82AA-A3F5-4965-864F-C8C9AD139C8A-768x623.jpg 768w, https:\/\/opslaczna.pl\/wp-content\/uploads\/2025\/12\/Messenger_creation_431D82AA-A3F5-4965-864F-C8C9AD139C8A.jpg 1183w\" sizes=\"(max-width: 780px) 100vw, 780px\" \/>\t\t\t\t\t\t\t\t\t\t\t\t\t\t\t<\/div>\n\t\t\t\t<\/div>\n\t\t\t\t\t<\/div>\n\t\t<\/div>\n\t\t\t\t\t<\/div>\n\t\t<\/section>\n\t\t\t\t<section class=\"elementor-section elementor-top-section elementor-element elementor-element-b22ea56 elementor-section-boxed elementor-section-height-default elementor-section-height-default\" data-id=\"b22ea56\" data-element_type=\"section\">\n\t\t\t\t\t\t<div class=\"elementor-container elementor-column-gap-default\">\n\t\t\t\t\t<div class=\"elementor-column elementor-col-100 elementor-top-column elementor-element elementor-element-cfc8b80\" data-id=\"cfc8b80\" data-element_type=\"column\">\n\t\t\t<div class=\"elementor-widget-wrap\">\n\t\t\t\t\t\t\t<\/div>\n\t\t<\/div>\n\t\t\t\t\t<\/div>\n\t\t<\/section>\n\t\t\t\t<section class=\"elementor-section elementor-top-section elementor-element elementor-element-912b68f elementor-section-boxed elementor-section-height-default elementor-section-height-default\" data-id=\"912b68f\" data-element_type=\"section\">\n\t\t\t\t\t\t<div class=\"elementor-container elementor-column-gap-default\">\n\t\t\t\t\t<div class=\"elementor-column elementor-col-100 elementor-top-column elementor-element elementor-element-a696fd5\" data-id=\"a696fd5\" data-element_type=\"column\">\n\t\t\t<div class=\"elementor-widget-wrap elementor-element-populated\">\n\t\t\t\t\t\t<div class=\"elementor-element elementor-element-16c178b elementor-widget elementor-widget-image\" data-id=\"16c178b\" data-element_type=\"widget\" data-widget_type=\"image.default\">\n\t\t\t\t<div class=\"elementor-widget-container\">\n\t\t\t\t\t\t\t\t\t\t\t\t\t\t\t<img decoding=\"async\" width=\"780\" height=\"349\" src=\"https:\/\/opslaczna.pl\/wp-content\/uploads\/2025\/12\/IMG_20251210_104817-1024x458.jpg\" class=\"attachment-large size-large wp-image-1736\" alt=\"\" srcset=\"https:\/\/opslaczna.pl\/wp-content\/uploads\/2025\/12\/IMG_20251210_104817-1024x458.jpg 1024w, https:\/\/opslaczna.pl\/wp-content\/uploads\/2025\/12\/IMG_20251210_104817-300x134.jpg 300w, https:\/\/opslaczna.pl\/wp-content\/uploads\/2025\/12\/IMG_20251210_104817-768x344.jpg 768w, https:\/\/opslaczna.pl\/wp-content\/uploads\/2025\/12\/IMG_20251210_104817-1536x687.jpg 1536w, https:\/\/opslaczna.pl\/wp-content\/uploads\/2025\/12\/IMG_20251210_104817.jpg 2048w\" sizes=\"(max-width: 780px) 100vw, 780px\" \/>\t\t\t\t\t\t\t\t\t\t\t\t\t\t\t<\/div>\n\t\t\t\t<\/div>\n\t\t\t\t\t<\/div>\n\t\t<\/div>\n\t\t\t\t\t<\/div>\n\t\t<\/section>\n\t\t\t\t<\/div>\n\t\t","protected":false},"excerpt":{"rendered":"<p>PODZI\u0118KOWANIA \u00a0 Sk\u0142adamy serdeczne podzi\u0119kowania Kibicom Korony Kielce FC P\u00f3\u0142noc, kt\u00f3rzy ju\u017c po raz trzeci w ramach akcji \u201eMiko\u0142aj jest z P\u00f3\u0142nocy\u201d z ogromnym sercem przygotowali paczki miko\u0142ajkowe \u00a0dla dzieci z terenu Gminy \u0141\u0105czna. \u00a0 Dzi\u0119ki Waszej \u017cyczliwo\u015bci, zaanga\u017cowaniu i nies\u0142abn\u0105cej energii wiele dzieci z naszej gminy mog\u0142o poczu\u0107 magi\u0119 \u015bwi\u0105t. Przekazane przez Was prezenty &hellip; <\/p>\n","protected":false},"author":2,"featured_media":1330,"comment_status":"closed","ping_status":"closed","sticky":false,"template":"","format":"standard","meta":{"footnotes":""},"categories":[2],"tags":[],"class_list":["post-1734","post","type-post","status-publish","format-standard","has-post-thumbnail","hentry","category-aktualnosci"],"_links":{"self":[{"href":"https:\/\/opslaczna.pl\/index.php?rest_route=\/wp\/v2\/posts\/1734","targetHints":{"allow":["GET"]}}],"collection":[{"href":"https:\/\/opslaczna.pl\/index.php?rest_route=\/wp\/v2\/posts"}],"about":[{"href":"https:\/\/opslaczna.pl\/index.php?rest_route=\/wp\/v2\/types\/post"}],"author":[{"embeddable":true,"href":"https:\/\/opslaczna.pl\/index.php?rest_route=\/wp\/v2\/users\/2"}],"replies":[{"embeddable":true,"href":"https:\/\/opslaczna.pl\/index.php?rest_route=%2Fwp%2Fv2%2Fcomments&post=1734"}],"version-history":[{"count":10,"href":"https:\/\/opslaczna.pl\/index.php?rest_route=\/wp\/v2\/posts\/1734\/revisions"}],"predecessor-version":[{"id":1852,"href":"https:\/\/opslaczna.pl\/index.php?rest_route=\/wp\/v2\/posts\/1734\/revisions\/1852"}],"wp:featuredmedia":[{"embeddable":true,"href":"https:\/\/opslaczna.pl\/index.php?rest_route=\/wp\/v2\/media\/1330"}],"wp:attachment":[{"href":"https:\/\/opslaczna.pl\/index.php?rest_route=%2Fwp%2Fv2%2Fmedia&parent=1734"}],"wp:term":[{"taxonomy":"category","embeddable":true,"href":"https:\/\/opslaczna.pl\/index.php?rest_route=%2Fwp%2Fv2%2Fcategories&post=1734"},{"taxonomy":"post_tag","embeddable":true,"href":"https:\/\/opslaczna.pl\/index.php?rest_route=%2Fwp%2Fv2%2Ftags&post=1734"}],"curies":[{"name":"wp","href":"https:\/\/api.w.org\/{rel}","templated":true}]}}