{"id":1621,"date":"2025-09-23T12:28:51","date_gmt":"2025-09-23T12:28:51","guid":{"rendered":"https:\/\/opslaczna.pl\/?p=1621"},"modified":"2025-09-23T12:30:59","modified_gmt":"2025-09-23T12:30:59","slug":"ogloszenie-20","status":"publish","type":"post","link":"https:\/\/opslaczna.pl\/?p=1621","title":{"rendered":"Og\u0142oszenie"},"content":{"rendered":"\t\t<div data-elementor-type=\"wp-post\" data-elementor-id=\"1621\" class=\"elementor elementor-1621\">\n\t\t\t\t\t\t<section class=\"elementor-section elementor-top-section elementor-element elementor-element-2bc2e23 elementor-section-boxed elementor-section-height-default elementor-section-height-default\" data-id=\"2bc2e23\" data-element_type=\"section\">\n\t\t\t\t\t\t<div class=\"elementor-container elementor-column-gap-default\">\n\t\t\t\t\t<div class=\"elementor-column elementor-col-100 elementor-top-column elementor-element elementor-element-9a51e38\" data-id=\"9a51e38\" data-element_type=\"column\">\n\t\t\t<div class=\"elementor-widget-wrap elementor-element-populated\">\n\t\t\t\t\t\t<div class=\"elementor-element elementor-element-852e25f elementor-widget elementor-widget-text-editor\" data-id=\"852e25f\" data-element_type=\"widget\" data-widget_type=\"text-editor.default\">\n\t\t\t\t<div class=\"elementor-widget-container\">\n\t\t\t\t\t\t\t\t\t<p style=\"text-align: center;\"><span style=\"color: #ff0000;\"><strong>OG\u0141OSZENIE<\/strong><\/span><\/p><p style=\"text-align: center;\"><strong>W\u00f3jt Gminy \u0141\u0105czna, Gminny O\u015brodek Pomocy Spo\u0142ecznej w \u0141\u0105cznej oraz Polski Komitet Pomocy Spo\u0142ecznej w \u0141\u0105cznej informuje, i\u017c wydawanie \u017cywno\u015bci osobom, kt\u00f3re uzyska\u0142y skierowanie<br \/>odb\u0119dzie si\u0119\u00a0 w dniu:<\/strong><\/p><p style=\"text-align: center;\"><span style=\"color: #ff0000;\"><strong>26 wrze\u015bnia 2025 r. (pi\u0105tek) <br \/>w godzinach 16.00 \u2013 17.00<\/strong><\/span><\/p><p style=\"text-align: center;\"><span style=\"color: #ff0000;\"><strong><u>Informujemy, \u017ce tego dnia odb\u0119dzie si\u0119 ostatnie wydawanie \u017cywno\u015bci.<\/u><\/strong><\/span><\/p><p style=\"text-align: center;\"><strong><u>\u017bywno\u015b\u0107 wydawana b\u0119dzie w magazynie PKPS<\/u><\/strong><\/p><p style=\"text-align: center;\"><strong><u>(przy budynku Poczty w \u0141\u0105cznej)<\/u><\/strong><\/p>\t\t\t\t\t\t\t\t<\/div>\n\t\t\t\t<\/div>\n\t\t\t\t\t<\/div>\n\t\t<\/div>\n\t\t\t\t\t<\/div>\n\t\t<\/section>\n\t\t\t\t<\/div>\n\t\t","protected":false},"excerpt":{"rendered":"<p>OG\u0141OSZENIE W\u00f3jt Gminy \u0141\u0105czna, Gminny O\u015brodek Pomocy Spo\u0142ecznej w \u0141\u0105cznej oraz Polski Komitet Pomocy Spo\u0142ecznej w \u0141\u0105cznej informuje, i\u017c wydawanie \u017cywno\u015bci osobom, kt\u00f3re uzyska\u0142y skierowanieodb\u0119dzie si\u0119\u00a0 w dniu: 26 wrze\u015bnia 2025 r. (pi\u0105tek) w godzinach 16.00 \u2013 17.00 Informujemy, \u017ce tego dnia odb\u0119dzie si\u0119 ostatnie wydawanie \u017cywno\u015bci. \u017bywno\u015b\u0107 wydawana b\u0119dzie w magazynie PKPS (przy budynku &hellip; <\/p>\n","protected":false},"author":2,"featured_media":1330,"comment_status":"closed","ping_status":"closed","sticky":false,"template":"","format":"standard","meta":{"footnotes":""},"categories":[2],"tags":[],"class_list":["post-1621","post","type-post","status-publish","format-standard","has-post-thumbnail","hentry","category-aktualnosci"],"_links":{"self":[{"href":"https:\/\/opslaczna.pl\/index.php?rest_route=\/wp\/v2\/posts\/1621","targetHints":{"allow":["GET"]}}],"collection":[{"href":"https:\/\/opslaczna.pl\/index.php?rest_route=\/wp\/v2\/posts"}],"about":[{"href":"https:\/\/opslaczna.pl\/index.php?rest_route=\/wp\/v2\/types\/post"}],"author":[{"embeddable":true,"href":"https:\/\/opslaczna.pl\/index.php?rest_route=\/wp\/v2\/users\/2"}],"replies":[{"embeddable":true,"href":"https:\/\/opslaczna.pl\/index.php?rest_route=%2Fwp%2Fv2%2Fcomments&post=1621"}],"version-history":[{"count":4,"href":"https:\/\/opslaczna.pl\/index.php?rest_route=\/wp\/v2\/posts\/1621\/revisions"}],"predecessor-version":[{"id":1625,"href":"https:\/\/opslaczna.pl\/index.php?rest_route=\/wp\/v2\/posts\/1621\/revisions\/1625"}],"wp:featuredmedia":[{"embeddable":true,"href":"https:\/\/opslaczna.pl\/index.php?rest_route=\/wp\/v2\/media\/1330"}],"wp:attachment":[{"href":"https:\/\/opslaczna.pl\/index.php?rest_route=%2Fwp%2Fv2%2Fmedia&parent=1621"}],"wp:term":[{"taxonomy":"category","embeddable":true,"href":"https:\/\/opslaczna.pl\/index.php?rest_route=%2Fwp%2Fv2%2Fcategories&post=1621"},{"taxonomy":"post_tag","embeddable":true,"href":"https:\/\/opslaczna.pl\/index.php?rest_route=%2Fwp%2Fv2%2Ftags&post=1621"}],"curies":[{"name":"wp","href":"https:\/\/api.w.org\/{rel}","templated":true}]}}