{"id":1488,"date":"2025-03-25T09:52:03","date_gmt":"2025-03-25T09:52:03","guid":{"rendered":"http:\/\/opslaczna.pl\/?p=1488"},"modified":"2025-03-25T09:59:30","modified_gmt":"2025-03-25T09:59:30","slug":"ogloszenie-18","status":"publish","type":"post","link":"https:\/\/opslaczna.pl\/?p=1488","title":{"rendered":"Og\u0142oszenie"},"content":{"rendered":"\t\t<div data-elementor-type=\"wp-post\" data-elementor-id=\"1488\" class=\"elementor elementor-1488\">\n\t\t\t\t\t\t<section class=\"elementor-section elementor-top-section elementor-element elementor-element-9d0a12a elementor-section-boxed elementor-section-height-default elementor-section-height-default\" data-id=\"9d0a12a\" data-element_type=\"section\">\n\t\t\t\t\t\t<div class=\"elementor-container elementor-column-gap-default\">\n\t\t\t\t\t<div class=\"elementor-column elementor-col-100 elementor-top-column elementor-element elementor-element-d70f0ef\" data-id=\"d70f0ef\" data-element_type=\"column\">\n\t\t\t<div class=\"elementor-widget-wrap elementor-element-populated\">\n\t\t\t\t\t\t<div class=\"elementor-element elementor-element-88b88d3 elementor-widget elementor-widget-text-editor\" data-id=\"88b88d3\" data-element_type=\"widget\" data-widget_type=\"text-editor.default\">\n\t\t\t\t<div class=\"elementor-widget-container\">\n\t\t\t\t\t\t\t\t\t<p style=\"text-align: center;\"><strong>OG\u0141OSZENIE<\/strong><\/p><p style=\"text-align: center;\">W\u00f3jt Gminy \u0141\u0105czna oraz Gminny O\u015brodek Pomocy Spo\u0142ecznej w \u0141\u0105cznej informuje, i\u017c osoby znajduj\u0105ce si\u0119 w trudnej sytuacji finansowej, zainteresowane uzyskaniem pomocy \u017cywno\u015bciowej realizowanej w ramach\u00a0 <u>Programu Fundusze Europejskie na Pomoc \u017bywno\u015bciow\u0105\u00a0 2021-2027- Podprogram 2024 <\/u>mog\u0105 zg\u0142asza\u0107 si\u0119 do siedziby<strong> Gminnego O\u015brodka Pomocy Spo\u0142ecznej w \u0141\u0105cznej (Kamionki 60, tel.: 41 25-48-479)<\/strong> wraz z dokumentami potwierdzaj\u0105cymi dochody z miesi\u0105ca poprzedzaj\u0105cego oraz informacj\u0105 o posiadanym gospodarstwie rolnym, <strong>celem uzyskania skierowania.<\/strong><\/p><p style=\"text-align: center;\"><strong>\u00a0<\/strong><\/p><p style=\"text-align: center;\"><strong>KWOTA KRYTERIUM DOCHODOWEGO WYNOSI:<\/strong><\/p><p style=\"text-align: center;\"><strong>2676,50 z\u0142 dla osoby samotnie gospodaruj\u0105cej<\/strong><\/p><p style=\"text-align: center;\"><strong>2180,95 z\u0142 na osob\u0119 w rodzinie<\/strong><\/p><p style=\"text-align: center;\"><strong>\u00a0<\/strong><\/p><p style=\"text-align: center;\"><span style=\"color: #ff0000;\"><strong>SKIEROWANIA B\u0118D\u0104 WYDAWANIE <u>OD DNIA 25.03.2025r.<\/u><\/strong><\/span><\/p><p style=\"text-align: center;\">\u00a0<\/p>\t\t\t\t\t\t\t\t<\/div>\n\t\t\t\t<\/div>\n\t\t\t\t\t<\/div>\n\t\t<\/div>\n\t\t\t\t\t<\/div>\n\t\t<\/section>\n\t\t\t\t<\/div>\n\t\t","protected":false},"excerpt":{"rendered":"<p>OG\u0141OSZENIE W\u00f3jt Gminy \u0141\u0105czna oraz Gminny O\u015brodek Pomocy Spo\u0142ecznej w \u0141\u0105cznej informuje, i\u017c osoby znajduj\u0105ce si\u0119 w trudnej sytuacji finansowej, zainteresowane uzyskaniem pomocy \u017cywno\u015bciowej realizowanej w ramach\u00a0 Programu Fundusze Europejskie na Pomoc \u017bywno\u015bciow\u0105\u00a0 2021-2027- Podprogram 2024 mog\u0105 zg\u0142asza\u0107 si\u0119 do siedziby Gminnego O\u015brodka Pomocy Spo\u0142ecznej w \u0141\u0105cznej (Kamionki 60, tel.: 41 25-48-479) wraz z dokumentami &hellip; <\/p>\n","protected":false},"author":2,"featured_media":1330,"comment_status":"closed","ping_status":"closed","sticky":false,"template":"","format":"standard","meta":{"footnotes":""},"categories":[2],"tags":[],"class_list":["post-1488","post","type-post","status-publish","format-standard","has-post-thumbnail","hentry","category-aktualnosci"],"_links":{"self":[{"href":"https:\/\/opslaczna.pl\/index.php?rest_route=\/wp\/v2\/posts\/1488","targetHints":{"allow":["GET"]}}],"collection":[{"href":"https:\/\/opslaczna.pl\/index.php?rest_route=\/wp\/v2\/posts"}],"about":[{"href":"https:\/\/opslaczna.pl\/index.php?rest_route=\/wp\/v2\/types\/post"}],"author":[{"embeddable":true,"href":"https:\/\/opslaczna.pl\/index.php?rest_route=\/wp\/v2\/users\/2"}],"replies":[{"embeddable":true,"href":"https:\/\/opslaczna.pl\/index.php?rest_route=%2Fwp%2Fv2%2Fcomments&post=1488"}],"version-history":[{"count":14,"href":"https:\/\/opslaczna.pl\/index.php?rest_route=\/wp\/v2\/posts\/1488\/revisions"}],"predecessor-version":[{"id":1502,"href":"https:\/\/opslaczna.pl\/index.php?rest_route=\/wp\/v2\/posts\/1488\/revisions\/1502"}],"wp:featuredmedia":[{"embeddable":true,"href":"https:\/\/opslaczna.pl\/index.php?rest_route=\/wp\/v2\/media\/1330"}],"wp:attachment":[{"href":"https:\/\/opslaczna.pl\/index.php?rest_route=%2Fwp%2Fv2%2Fmedia&parent=1488"}],"wp:term":[{"taxonomy":"category","embeddable":true,"href":"https:\/\/opslaczna.pl\/index.php?rest_route=%2Fwp%2Fv2%2Fcategories&post=1488"},{"taxonomy":"post_tag","embeddable":true,"href":"https:\/\/opslaczna.pl\/index.php?rest_route=%2Fwp%2Fv2%2Ftags&post=1488"}],"curies":[{"name":"wp","href":"https:\/\/api.w.org\/{rel}","templated":true}]}}