{"id":1462,"date":"2025-01-24T13:16:00","date_gmt":"2025-01-24T13:16:00","guid":{"rendered":"http:\/\/opslaczna.pl\/?p=1462"},"modified":"2025-09-24T11:28:19","modified_gmt":"2025-09-24T11:28:19","slug":"asystent-osobisty-osoby-z-niepelnosprawnoscia-edycja-2025","status":"publish","type":"post","link":"https:\/\/opslaczna.pl\/?p=1462","title":{"rendered":"&#8222;Asystent osobisty osoby z niepe\u0142nosprawno\u015bci\u0105&#8221; &#8211; edycja 2025"},"content":{"rendered":"\t\t<div data-elementor-type=\"wp-post\" data-elementor-id=\"1462\" class=\"elementor elementor-1462\">\n\t\t\t\t\t\t<section class=\"elementor-section elementor-top-section elementor-element elementor-element-7b614fe elementor-section-boxed elementor-section-height-default elementor-section-height-default\" data-id=\"7b614fe\" data-element_type=\"section\">\n\t\t\t\t\t\t<div class=\"elementor-container elementor-column-gap-default\">\n\t\t\t\t\t<div class=\"elementor-column elementor-col-100 elementor-top-column elementor-element elementor-element-e30939e\" data-id=\"e30939e\" data-element_type=\"column\">\n\t\t\t<div class=\"elementor-widget-wrap elementor-element-populated\">\n\t\t\t\t\t\t<div class=\"elementor-element elementor-element-5df2490 elementor-widget elementor-widget-image\" data-id=\"5df2490\" data-element_type=\"widget\" data-widget_type=\"image.default\">\n\t\t\t\t<div class=\"elementor-widget-container\">\n\t\t\t\t\t\t\t\t\t\t\t\t\t\t\t<img fetchpriority=\"high\" decoding=\"async\" width=\"1024\" height=\"105\" src=\"https:\/\/opslaczna.pl\/wp-content\/uploads\/2024\/08\/logo-mrpips-1024x105.jpg\" class=\"attachment-large size-large wp-image-1641\" alt=\"\" srcset=\"https:\/\/opslaczna.pl\/wp-content\/uploads\/2024\/08\/logo-mrpips-1024x105.jpg 1024w, https:\/\/opslaczna.pl\/wp-content\/uploads\/2024\/08\/logo-mrpips-300x31.jpg 300w, https:\/\/opslaczna.pl\/wp-content\/uploads\/2024\/08\/logo-mrpips-768x79.jpg 768w, https:\/\/opslaczna.pl\/wp-content\/uploads\/2024\/08\/logo-mrpips-1536x158.jpg 1536w, https:\/\/opslaczna.pl\/wp-content\/uploads\/2024\/08\/logo-mrpips.jpg 1890w\" sizes=\"(max-width: 1024px) 100vw, 1024px\" \/>\t\t\t\t\t\t\t\t\t\t\t\t\t\t\t<\/div>\n\t\t\t\t<\/div>\n\t\t\t\t\t<\/div>\n\t\t<\/div>\n\t\t\t\t\t<\/div>\n\t\t<\/section>\n\t\t\t\t<section class=\"elementor-section elementor-top-section elementor-element elementor-element-87fe402 elementor-section-boxed elementor-section-height-default elementor-section-height-default\" data-id=\"87fe402\" data-element_type=\"section\">\n\t\t\t\t\t\t<div class=\"elementor-container elementor-column-gap-default\">\n\t\t\t\t\t<div class=\"elementor-column elementor-col-100 elementor-top-column elementor-element elementor-element-468e877\" data-id=\"468e877\" data-element_type=\"column\">\n\t\t\t<div class=\"elementor-widget-wrap elementor-element-populated\">\n\t\t\t\t\t\t<div class=\"elementor-element elementor-element-b31d7db elementor-widget elementor-widget-image\" data-id=\"b31d7db\" data-element_type=\"widget\" data-widget_type=\"image.default\">\n\t\t\t\t<div class=\"elementor-widget-container\">\n\t\t\t\t\t\t\t\t\t\t\t\t\t\t\t<img decoding=\"async\" width=\"554\" height=\"526\" src=\"https:\/\/opslaczna.pl\/wp-content\/uploads\/2025\/01\/aon3.png\" class=\"attachment-large size-large wp-image-1466\" alt=\"\" srcset=\"https:\/\/opslaczna.pl\/wp-content\/uploads\/2025\/01\/aon3.png 554w, https:\/\/opslaczna.pl\/wp-content\/uploads\/2025\/01\/aon3-300x285.png 300w\" sizes=\"(max-width: 554px) 100vw, 554px\" \/>\t\t\t\t\t\t\t\t\t\t\t\t\t\t\t<\/div>\n\t\t\t\t<\/div>\n\t\t\t\t\t<\/div>\n\t\t<\/div>\n\t\t\t\t\t<\/div>\n\t\t<\/section>\n\t\t\t\t<section class=\"elementor-section elementor-top-section elementor-element elementor-element-d80b1ee elementor-section-boxed elementor-section-height-default elementor-section-height-default\" data-id=\"d80b1ee\" data-element_type=\"section\">\n\t\t\t\t\t\t<div class=\"elementor-container elementor-column-gap-default\">\n\t\t\t\t\t<div class=\"elementor-column elementor-col-100 elementor-top-column elementor-element elementor-element-11ecf19\" data-id=\"11ecf19\" data-element_type=\"column\">\n\t\t\t<div class=\"elementor-widget-wrap elementor-element-populated\">\n\t\t\t\t\t\t<div class=\"elementor-element elementor-element-a9207db elementor-widget elementor-widget-text-editor\" data-id=\"a9207db\" data-element_type=\"widget\" data-widget_type=\"text-editor.default\">\n\t\t\t\t<div class=\"elementor-widget-container\">\n\t\t\t\t\t\t\t\t\t<p>\u00a0<\/p><p>W\u00f3jt Gminy \u0141\u0105czna Wojciech F\u0105fara przy kontrasygnacie <strong>Skarbnika Gminy Joanny Kopytek\u00a0 <\/strong>podpisali w dniu 06 grudnia 2025r.\u00a0 umow\u0119 z Wojewod\u0105 \u015awi\u0119tokrzyskim okre\u015blaj\u0105c\u0105 wysoko\u015b\u0107 i tryb przekazania przez Wojewod\u0119 \u015brodk\u00f3w z Funduszu Solidarno\u015bciowego z przeznaczeniem na realizacj\u0119 przez Gmin\u0119 zadania: <br \/>\u00a0<em>Program MRPiPS \u201eAsystent osobisty osoby z niepe\u0142nosprawno\u015bci\u0105\u201d dla Jednostek Samorz\u0105du Terytorialnego\u2013 edycja 2025.<br \/><\/em>To ju\u017c kolejna edycja programu, do kt\u00f3rego przyst\u0119puje Gmina za po\u015brednictwem Gminnego O\u015brodka Pomocy Spo\u0142ecznej w \u0141\u0105cznej. G\u0142\u00f3wnym celem podejmowanych dzia\u0142a\u0144 w ramach Programu jest zwi\u0119kszenie dost\u0119pno\u015bci us\u0142ug spo\u0142ecznych, w szczeg\u00f3lno\u015bci asystencji osobistej w formie og\u00f3lnodost\u0119pnej.<\/p><p>Gminny O\u015brodek Pomocy Spo\u0142ecznej w \u0141\u0105cznej od miesi\u0105ca stycznia 2025r. \u00a0obj\u0105\u0142 takimi dzia\u0142aniami osoby niepe\u0142nosprawne, kt\u00f3re posiadaj\u0105 orzeczenia:<\/p><p>\u2013 2 osoby z orzeczeniem o znacznym stopniu niepe\u0142nosprawno\u015bci z niepe\u0142nosprawno\u015bci\u0105 sprz\u0119\u017con\u0105;<br \/>\u2013 9 os\u00f3b z orzeczeniem o znacznym stopniu niepe\u0142nosprawno\u015bci;<br \/>\u2013 1 dziecko w wieku od uko\u0144czenia 2 roku \u017cycia do uko\u0144czenia 16 roku \u017cycia posiadaj\u0105cego orzeczenie o niepe\u0142nosprawno\u015bci.<\/p><p><u>Zar\u00f3wno osoby obj\u0119te wsparciem jak i zatrudnieni asystenci s\u0105 mieszka\u0144cami Gminy \u0141\u0105czna,<\/u> co stanowi du\u017ce u\u0142atwienie i w znacz\u0105cy spos\u00f3b spe\u0142nia oczekiwana obu stron.<\/p><p>W ramach planowanych dzia\u0142a\u0144 asystenci b\u0119d\u0105 wspomaga\u0107 uczestnik\u00f3w w codziennych czynno\u015bciach, a Uczestnicy Programu b\u0119d\u0105 mogli liczy\u0107 na wsparcie w czynno\u015bciach dnia codziennego, tj. pomoc w prowadzeniu gospodarstwa domowego, wyj\u015bcia z domu (wyj\u015bcie do lekarza, na spacer, zakupy, za\u0142atwienie spraw urz\u0119dowych czy uczestnictwo w wydarzeniach kulturalnych).<\/p><p>Osoby bardziej sprawne, b\u0119d\u0105 r\u00f3wnie\u017c wspomagane w codziennych czynno\u015bciach oraz wspierane\u00a0\u00a0 w dzia\u0142aniach aktywizacyjnych (wyj\u015bcia z domu, uczestnictwo w wydarzeniach kulturalnych, itp.). Celem rozpowszechnienia us\u0142ug asystencji osobistej jest zwi\u0119kszenie szans os\u00f3b niepe\u0142noprawnych na prowadzenie bardziej niezale\u017cnego\/samodzielnego i aktywnego \u017cycia. Nadrz\u0119dnym celem us\u0142ug asystencji osobistej jest d\u0105\u017cenie do poprawy funkcjonowania osoby niepe\u0142nosprawnej w jej \u015brodowisku oraz zwi\u0119kszenie mo\u017cliwo\u015bci zaspokajania jej potrzeb i w\u0142\u0105czenia jej w \u017cycie spo\u0142eczne.<\/p>\t\t\t\t\t\t\t\t<\/div>\n\t\t\t\t<\/div>\n\t\t\t\t\t<\/div>\n\t\t<\/div>\n\t\t\t\t\t<\/div>\n\t\t<\/section>\n\t\t\t\t<\/div>\n\t\t","protected":false},"excerpt":{"rendered":"<p>\u00a0 W\u00f3jt Gminy \u0141\u0105czna Wojciech F\u0105fara przy kontrasygnacie Skarbnika Gminy Joanny Kopytek\u00a0 podpisali w dniu 06 grudnia 2025r.\u00a0 umow\u0119 z Wojewod\u0105 \u015awi\u0119tokrzyskim okre\u015blaj\u0105c\u0105 wysoko\u015b\u0107 i tryb przekazania przez Wojewod\u0119 \u015brodk\u00f3w z Funduszu Solidarno\u015bciowego z przeznaczeniem na realizacj\u0119 przez Gmin\u0119 zadania: \u00a0Program MRPiPS \u201eAsystent osobisty osoby z niepe\u0142nosprawno\u015bci\u0105\u201d dla Jednostek Samorz\u0105du Terytorialnego\u2013 edycja 2025.To ju\u017c kolejna &hellip; <\/p>\n","protected":false},"author":2,"featured_media":1330,"comment_status":"closed","ping_status":"closed","sticky":false,"template":"","format":"standard","meta":{"footnotes":""},"categories":[2,9],"tags":[],"class_list":["post-1462","post","type-post","status-publish","format-standard","has-post-thumbnail","hentry","category-aktualnosci","category-aon"],"_links":{"self":[{"href":"https:\/\/opslaczna.pl\/index.php?rest_route=\/wp\/v2\/posts\/1462","targetHints":{"allow":["GET"]}}],"collection":[{"href":"https:\/\/opslaczna.pl\/index.php?rest_route=\/wp\/v2\/posts"}],"about":[{"href":"https:\/\/opslaczna.pl\/index.php?rest_route=\/wp\/v2\/types\/post"}],"author":[{"embeddable":true,"href":"https:\/\/opslaczna.pl\/index.php?rest_route=\/wp\/v2\/users\/2"}],"replies":[{"embeddable":true,"href":"https:\/\/opslaczna.pl\/index.php?rest_route=%2Fwp%2Fv2%2Fcomments&post=1462"}],"version-history":[{"count":11,"href":"https:\/\/opslaczna.pl\/index.php?rest_route=\/wp\/v2\/posts\/1462\/revisions"}],"predecessor-version":[{"id":1653,"href":"https:\/\/opslaczna.pl\/index.php?rest_route=\/wp\/v2\/posts\/1462\/revisions\/1653"}],"wp:featuredmedia":[{"embeddable":true,"href":"https:\/\/opslaczna.pl\/index.php?rest_route=\/wp\/v2\/media\/1330"}],"wp:attachment":[{"href":"https:\/\/opslaczna.pl\/index.php?rest_route=%2Fwp%2Fv2%2Fmedia&parent=1462"}],"wp:term":[{"taxonomy":"category","embeddable":true,"href":"https:\/\/opslaczna.pl\/index.php?rest_route=%2Fwp%2Fv2%2Fcategories&post=1462"},{"taxonomy":"post_tag","embeddable":true,"href":"https:\/\/opslaczna.pl\/index.php?rest_route=%2Fwp%2Fv2%2Ftags&post=1462"}],"curies":[{"name":"wp","href":"https:\/\/api.w.org\/{rel}","templated":true}]}}