{"id":1416,"date":"2024-12-18T05:57:58","date_gmt":"2024-12-18T05:57:58","guid":{"rendered":"http:\/\/opslaczna.pl\/?p=1416"},"modified":"2024-12-18T05:59:38","modified_gmt":"2024-12-18T05:59:38","slug":"wigilia-dla-osob-starszych-i-samotnych","status":"publish","type":"post","link":"https:\/\/opslaczna.pl\/?p=1416","title":{"rendered":"WIGILIA DLA OS\u00d3B STARSZYCH I SAMOTNYCH"},"content":{"rendered":"\t\t<div data-elementor-type=\"wp-post\" data-elementor-id=\"1416\" class=\"elementor elementor-1416\">\n\t\t\t\t\t\t<section class=\"elementor-section elementor-top-section elementor-element elementor-element-d6cc242 elementor-section-boxed elementor-section-height-default elementor-section-height-default\" data-id=\"d6cc242\" data-element_type=\"section\">\n\t\t\t\t\t\t<div class=\"elementor-container elementor-column-gap-default\">\n\t\t\t\t\t<div class=\"elementor-column elementor-col-100 elementor-top-column elementor-element elementor-element-5618a36\" data-id=\"5618a36\" data-element_type=\"column\">\n\t\t\t<div class=\"elementor-widget-wrap elementor-element-populated\">\n\t\t\t\t\t\t<div class=\"elementor-element elementor-element-0edcd76 elementor-widget elementor-widget-text-editor\" data-id=\"0edcd76\" data-element_type=\"widget\" data-widget_type=\"text-editor.default\">\n\t\t\t\t<div class=\"elementor-widget-container\">\n\t\t\t\t\t\t\t\t\t<p>Dnia 12 grudnia br. odby\u0142o si\u0119 spotkanie wigilijne dla os\u00f3b samotnych i senior\u00f3w z terenu naszej Gminy. Organizatorami uroczysto\u015bci byli W\u00f3jt Gminy \u0141\u0105czna p. Wojciech F\u0105fara, Gminna Biblioteka Publiczna w \u0141\u0105cznej oraz Gminny O\u015brodek Pomocy Spo\u0142ecznej w \u0141\u0105cznej. Spotkanie rozpocz\u0119\u0142o si\u0119 od powitania i z\u0142o\u017cenia \u017cycze\u0144 przyby\u0142ym seniorom. G\u0142os zabrali: kierownik GOPS p. Monika Marcisz, dyrektor biblioteki p. Beata Ko\u0142da, zast\u0119pca w\u00f3jta p. Krzysztof Pastuszka, cz\u0142onek rady powiatu p. Monika Paj\u0105k, przewodnicz\u0105cy rady p. Andrzej Wiosowaty oraz radny p. Miros\u0142aw Nyga.<\/p><ol><li>Krzysztof Pastuszka podzi\u0119kowa\u0142 przyby\u0142ym radnym i so\u0142tysom za pomoc w organizacji wydarzenia, za zrozumienie jak wa\u017cna jest to inicjatywa. Seniorom z\u0142o\u017cy\u0142 \u017cyczenia: \u2013\u017bycz\u0119 Pa\u0144stwu tego co najwa\u017cniejsze, a wi\u0119c zdrowia i wytrwa\u0142o\u015bci w pokonywaniu trud\u00f3w dnia codziennego. \u017bycz\u0119 rado\u015bci i spokoju, niech mi\u0142o\u015b\u0107 bliskich i szacunek stale zagoszcz\u0105 w Pa\u0144stwa domach. Z okazji nadchodz\u0105cych \u015bwi\u0105t Bo\u017cego Narodzenia sk\u0142adam Pa\u0144stwu najserdeczniejsze \u017cyczenia pomy\u015blno\u015bci, optymizmu i pogody ducha. Jeste\u015bcie nauczycielami \u017cycia i skarbnic\u0105 wiedzy, za to jeste\u015bmy Wam wdzi\u0119czni.<\/li><\/ol><p>W dalszej cz\u0119\u015bci spotkania wigilijnego uczniowie Zespo\u0142u Szkolno-Przedszkolnego w \u0141\u0105cznej zaprezentowali cz\u0119\u015b\u0107 artystyczn\u0105. Przygotowane pod kierunkiem p. Marty Redlicy dzieci za\u015bpiewa\u0142y najpi\u0119kniejsze polskie kol\u0119dy oraz zagraniczne szlagiery. W\u00f3jt Gminy \u0141\u0105czna p. Wojciech F\u0105fara podzi\u0119kowa\u0142 m\u0142odym artystom za wyst\u0119p i wr\u0119czy\u0142 im upominki. Podkre\u015bli\u0142, \u017ce mi\u0119dzypokoleniowe spotkania, wsp\u00f3lne \u015bpiewanie kol\u0119d i pastora\u0142ek s\u0105 wyrazem troski i wsparcia dla senior\u00f3w i os\u00f3b samotnych.\u00a0<\/p><p>Wigilia to czas szczeg\u00f3lny, pe\u0142en mi\u0142o\u015bci i rado\u015bci. Najwa\u017cniejszy jest jednak wsp\u00f3lnie sp\u0119dzony czas, \u015bwi\u0105teczna atmosfera. Zadbajmy, aby Bo\u017ce Narodzenie opiera\u0142o si\u0119 na tradycji, nie zakupach i porz\u0105dkach domowych. Pami\u0119tajmy, co w tym okresie jest najistotniejsze. Po zako\u0144czeniu cz\u0119\u015bci artystycznej g\u0142os zabrali ks. Piotr Roch oraz ks. Miros\u0142aw Noga. Zgromadzeni odm\u00f3wili modlitw\u0119 i z\u0142o\u017cyli sobie \u017cyczenia \u0142ami\u0105c si\u0119 op\u0142atkiem. Spotkanie wigilijne up\u0142yn\u0119\u0142o w serdecznej atmosferze. Dzi\u0119kujemy wszystkim za zaanga\u017cowanie w jego przygotowanie. Naszym seniorom, osobom samotnym, \u017cyczymy du\u017co rado\u015bci. Aby te \u015bwi\u0119ta up\u0142yn\u0119\u0142y w spokoju, by\u0142y pe\u0142ne nadziei i \u017cyczliwo\u015bci.<\/p><p>\u00a0<\/p>\t\t\t\t\t\t\t\t<\/div>\n\t\t\t\t<\/div>\n\t\t\t\t\t<\/div>\n\t\t<\/div>\n\t\t\t\t\t<\/div>\n\t\t<\/section>\n\t\t\t\t<section class=\"elementor-section elementor-top-section elementor-element elementor-element-694bcba elementor-section-boxed elementor-section-height-default elementor-section-height-default\" data-id=\"694bcba\" data-element_type=\"section\">\n\t\t\t\t\t\t<div class=\"elementor-container elementor-column-gap-default\">\n\t\t\t\t\t<div class=\"elementor-column elementor-col-100 elementor-top-column elementor-element elementor-element-8eec468\" data-id=\"8eec468\" data-element_type=\"column\">\n\t\t\t<div class=\"elementor-widget-wrap elementor-element-populated\">\n\t\t\t\t\t\t<div class=\"elementor-element elementor-element-0a358db elementor-widget elementor-widget-image-gallery\" data-id=\"0a358db\" data-element_type=\"widget\" data-widget_type=\"image-gallery.default\">\n\t\t\t\t<div class=\"elementor-widget-container\">\n\t\t\t\t\t\t\t<div class=\"elementor-image-gallery\">\n\t\t\t<div id='gallery-1' class='gallery galleryid-1416 gallery-columns-4 gallery-size-thumbnail'><figure class='gallery-item'>\n\t\t\t<div class='gallery-icon landscape'>\n\t\t\t\t<a data-elementor-open-lightbox=\"yes\" data-elementor-lightbox-slideshow=\"0a358db\" data-elementor-lightbox-title=\"IMG_4198\" data-e-action-hash=\"#elementor-action%3Aaction%3Dlightbox%26settings%3DeyJpZCI6MTQxOCwidXJsIjoiaHR0cHM6XC9cL29wc2xhY3puYS5wbFwvd3AtY29udGVudFwvdXBsb2Fkc1wvMjAyNFwvMTJcL0lNR180MTk4LmpwZyIsInNsaWRlc2hvdyI6IjBhMzU4ZGIifQ%3D%3D\" href='https:\/\/opslaczna.pl\/wp-content\/uploads\/2024\/12\/IMG_4198.jpg'><img decoding=\"async\" width=\"150\" height=\"150\" src=\"https:\/\/opslaczna.pl\/wp-content\/uploads\/2024\/12\/IMG_4198-150x150.jpg\" class=\"attachment-thumbnail size-thumbnail\" alt=\"\" srcset=\"https:\/\/opslaczna.pl\/wp-content\/uploads\/2024\/12\/IMG_4198-150x150.jpg 150w, https:\/\/opslaczna.pl\/wp-content\/uploads\/2024\/12\/IMG_4198-468x468.jpg 468w\" sizes=\"(max-width: 150px) 100vw, 150px\" \/><\/a>\n\t\t\t<\/div><\/figure><figure class='gallery-item'>\n\t\t\t<div class='gallery-icon landscape'>\n\t\t\t\t<a data-elementor-open-lightbox=\"yes\" data-elementor-lightbox-slideshow=\"0a358db\" data-elementor-lightbox-title=\"IMG_4204\" data-e-action-hash=\"#elementor-action%3Aaction%3Dlightbox%26settings%3DeyJpZCI6MTQxOSwidXJsIjoiaHR0cHM6XC9cL29wc2xhY3puYS5wbFwvd3AtY29udGVudFwvdXBsb2Fkc1wvMjAyNFwvMTJcL0lNR180MjA0LmpwZyIsInNsaWRlc2hvdyI6IjBhMzU4ZGIifQ%3D%3D\" href='https:\/\/opslaczna.pl\/wp-content\/uploads\/2024\/12\/IMG_4204.jpg'><img decoding=\"async\" width=\"150\" height=\"150\" src=\"https:\/\/opslaczna.pl\/wp-content\/uploads\/2024\/12\/IMG_4204-150x150.jpg\" class=\"attachment-thumbnail size-thumbnail\" alt=\"\" srcset=\"https:\/\/opslaczna.pl\/wp-content\/uploads\/2024\/12\/IMG_4204-150x150.jpg 150w, https:\/\/opslaczna.pl\/wp-content\/uploads\/2024\/12\/IMG_4204-468x468.jpg 468w\" sizes=\"(max-width: 150px) 100vw, 150px\" \/><\/a>\n\t\t\t<\/div><\/figure><figure class='gallery-item'>\n\t\t\t<div class='gallery-icon landscape'>\n\t\t\t\t<a data-elementor-open-lightbox=\"yes\" data-elementor-lightbox-slideshow=\"0a358db\" data-elementor-lightbox-title=\"IMG_4206\" data-e-action-hash=\"#elementor-action%3Aaction%3Dlightbox%26settings%3DeyJpZCI6MTQyMCwidXJsIjoiaHR0cHM6XC9cL29wc2xhY3puYS5wbFwvd3AtY29udGVudFwvdXBsb2Fkc1wvMjAyNFwvMTJcL0lNR180MjA2LmpwZyIsInNsaWRlc2hvdyI6IjBhMzU4ZGIifQ%3D%3D\" href='https:\/\/opslaczna.pl\/wp-content\/uploads\/2024\/12\/IMG_4206.jpg'><img decoding=\"async\" width=\"150\" height=\"150\" src=\"https:\/\/opslaczna.pl\/wp-content\/uploads\/2024\/12\/IMG_4206-150x150.jpg\" class=\"attachment-thumbnail size-thumbnail\" alt=\"\" srcset=\"https:\/\/opslaczna.pl\/wp-content\/uploads\/2024\/12\/IMG_4206-150x150.jpg 150w, https:\/\/opslaczna.pl\/wp-content\/uploads\/2024\/12\/IMG_4206-468x468.jpg 468w\" sizes=\"(max-width: 150px) 100vw, 150px\" \/><\/a>\n\t\t\t<\/div><\/figure><figure class='gallery-item'>\n\t\t\t<div class='gallery-icon landscape'>\n\t\t\t\t<a data-elementor-open-lightbox=\"yes\" data-elementor-lightbox-slideshow=\"0a358db\" data-elementor-lightbox-title=\"IMG_4220\" data-e-action-hash=\"#elementor-action%3Aaction%3Dlightbox%26settings%3DeyJpZCI6MTQyMSwidXJsIjoiaHR0cHM6XC9cL29wc2xhY3puYS5wbFwvd3AtY29udGVudFwvdXBsb2Fkc1wvMjAyNFwvMTJcL0lNR180MjIwLmpwZyIsInNsaWRlc2hvdyI6IjBhMzU4ZGIifQ%3D%3D\" href='https:\/\/opslaczna.pl\/wp-content\/uploads\/2024\/12\/IMG_4220.jpg'><img loading=\"lazy\" decoding=\"async\" width=\"150\" height=\"150\" src=\"https:\/\/opslaczna.pl\/wp-content\/uploads\/2024\/12\/IMG_4220-150x150.jpg\" class=\"attachment-thumbnail size-thumbnail\" alt=\"\" srcset=\"https:\/\/opslaczna.pl\/wp-content\/uploads\/2024\/12\/IMG_4220-150x150.jpg 150w, https:\/\/opslaczna.pl\/wp-content\/uploads\/2024\/12\/IMG_4220-468x468.jpg 468w\" sizes=\"(max-width: 150px) 100vw, 150px\" \/><\/a>\n\t\t\t<\/div><\/figure><figure class='gallery-item'>\n\t\t\t<div class='gallery-icon landscape'>\n\t\t\t\t<a data-elementor-open-lightbox=\"yes\" data-elementor-lightbox-slideshow=\"0a358db\" data-elementor-lightbox-title=\"IMG_4226\" data-e-action-hash=\"#elementor-action%3Aaction%3Dlightbox%26settings%3DeyJpZCI6MTQyMiwidXJsIjoiaHR0cHM6XC9cL29wc2xhY3puYS5wbFwvd3AtY29udGVudFwvdXBsb2Fkc1wvMjAyNFwvMTJcL0lNR180MjI2LmpwZyIsInNsaWRlc2hvdyI6IjBhMzU4ZGIifQ%3D%3D\" href='https:\/\/opslaczna.pl\/wp-content\/uploads\/2024\/12\/IMG_4226.jpg'><img loading=\"lazy\" decoding=\"async\" width=\"150\" height=\"150\" src=\"https:\/\/opslaczna.pl\/wp-content\/uploads\/2024\/12\/IMG_4226-150x150.jpg\" class=\"attachment-thumbnail size-thumbnail\" alt=\"\" srcset=\"https:\/\/opslaczna.pl\/wp-content\/uploads\/2024\/12\/IMG_4226-150x150.jpg 150w, https:\/\/opslaczna.pl\/wp-content\/uploads\/2024\/12\/IMG_4226-468x468.jpg 468w\" sizes=\"(max-width: 150px) 100vw, 150px\" \/><\/a>\n\t\t\t<\/div><\/figure><figure class='gallery-item'>\n\t\t\t<div class='gallery-icon landscape'>\n\t\t\t\t<a data-elementor-open-lightbox=\"yes\" data-elementor-lightbox-slideshow=\"0a358db\" data-elementor-lightbox-title=\"IMG_4231\" data-e-action-hash=\"#elementor-action%3Aaction%3Dlightbox%26settings%3DeyJpZCI6MTQyMywidXJsIjoiaHR0cHM6XC9cL29wc2xhY3puYS5wbFwvd3AtY29udGVudFwvdXBsb2Fkc1wvMjAyNFwvMTJcL0lNR180MjMxLmpwZyIsInNsaWRlc2hvdyI6IjBhMzU4ZGIifQ%3D%3D\" href='https:\/\/opslaczna.pl\/wp-content\/uploads\/2024\/12\/IMG_4231.jpg'><img loading=\"lazy\" decoding=\"async\" width=\"150\" height=\"150\" src=\"https:\/\/opslaczna.pl\/wp-content\/uploads\/2024\/12\/IMG_4231-150x150.jpg\" class=\"attachment-thumbnail size-thumbnail\" alt=\"\" srcset=\"https:\/\/opslaczna.pl\/wp-content\/uploads\/2024\/12\/IMG_4231-150x150.jpg 150w, https:\/\/opslaczna.pl\/wp-content\/uploads\/2024\/12\/IMG_4231-468x468.jpg 468w\" sizes=\"(max-width: 150px) 100vw, 150px\" \/><\/a>\n\t\t\t<\/div><\/figure><figure class='gallery-item'>\n\t\t\t<div class='gallery-icon landscape'>\n\t\t\t\t<a data-elementor-open-lightbox=\"yes\" data-elementor-lightbox-slideshow=\"0a358db\" data-elementor-lightbox-title=\"IMG_4268\" data-e-action-hash=\"#elementor-action%3Aaction%3Dlightbox%26settings%3DeyJpZCI6MTQyNCwidXJsIjoiaHR0cHM6XC9cL29wc2xhY3puYS5wbFwvd3AtY29udGVudFwvdXBsb2Fkc1wvMjAyNFwvMTJcL0lNR180MjY4LmpwZyIsInNsaWRlc2hvdyI6IjBhMzU4ZGIifQ%3D%3D\" href='https:\/\/opslaczna.pl\/wp-content\/uploads\/2024\/12\/IMG_4268.jpg'><img loading=\"lazy\" decoding=\"async\" width=\"150\" height=\"150\" src=\"https:\/\/opslaczna.pl\/wp-content\/uploads\/2024\/12\/IMG_4268-150x150.jpg\" class=\"attachment-thumbnail size-thumbnail\" alt=\"\" srcset=\"https:\/\/opslaczna.pl\/wp-content\/uploads\/2024\/12\/IMG_4268-150x150.jpg 150w, https:\/\/opslaczna.pl\/wp-content\/uploads\/2024\/12\/IMG_4268-468x468.jpg 468w\" sizes=\"(max-width: 150px) 100vw, 150px\" \/><\/a>\n\t\t\t<\/div><\/figure><figure class='gallery-item'>\n\t\t\t<div class='gallery-icon landscape'>\n\t\t\t\t<a data-elementor-open-lightbox=\"yes\" data-elementor-lightbox-slideshow=\"0a358db\" data-elementor-lightbox-title=\"IMG_4271\" data-e-action-hash=\"#elementor-action%3Aaction%3Dlightbox%26settings%3DeyJpZCI6MTQyNSwidXJsIjoiaHR0cHM6XC9cL29wc2xhY3puYS5wbFwvd3AtY29udGVudFwvdXBsb2Fkc1wvMjAyNFwvMTJcL0lNR180MjcxLmpwZyIsInNsaWRlc2hvdyI6IjBhMzU4ZGIifQ%3D%3D\" href='https:\/\/opslaczna.pl\/wp-content\/uploads\/2024\/12\/IMG_4271.jpg'><img loading=\"lazy\" decoding=\"async\" width=\"150\" height=\"150\" src=\"https:\/\/opslaczna.pl\/wp-content\/uploads\/2024\/12\/IMG_4271-150x150.jpg\" class=\"attachment-thumbnail size-thumbnail\" alt=\"\" srcset=\"https:\/\/opslaczna.pl\/wp-content\/uploads\/2024\/12\/IMG_4271-150x150.jpg 150w, https:\/\/opslaczna.pl\/wp-content\/uploads\/2024\/12\/IMG_4271-468x468.jpg 468w\" sizes=\"(max-width: 150px) 100vw, 150px\" \/><\/a>\n\t\t\t<\/div><\/figure><figure class='gallery-item'>\n\t\t\t<div class='gallery-icon portrait'>\n\t\t\t\t<a data-elementor-open-lightbox=\"yes\" data-elementor-lightbox-slideshow=\"0a358db\" data-elementor-lightbox-title=\"IMG_4272\" data-e-action-hash=\"#elementor-action%3Aaction%3Dlightbox%26settings%3DeyJpZCI6MTQyNiwidXJsIjoiaHR0cHM6XC9cL29wc2xhY3puYS5wbFwvd3AtY29udGVudFwvdXBsb2Fkc1wvMjAyNFwvMTJcL0lNR180MjcyLmpwZyIsInNsaWRlc2hvdyI6IjBhMzU4ZGIifQ%3D%3D\" href='https:\/\/opslaczna.pl\/wp-content\/uploads\/2024\/12\/IMG_4272.jpg'><img loading=\"lazy\" decoding=\"async\" width=\"150\" height=\"150\" src=\"https:\/\/opslaczna.pl\/wp-content\/uploads\/2024\/12\/IMG_4272-150x150.jpg\" class=\"attachment-thumbnail size-thumbnail\" alt=\"\" srcset=\"https:\/\/opslaczna.pl\/wp-content\/uploads\/2024\/12\/IMG_4272-150x150.jpg 150w, https:\/\/opslaczna.pl\/wp-content\/uploads\/2024\/12\/IMG_4272-468x468.jpg 468w\" sizes=\"(max-width: 150px) 100vw, 150px\" \/><\/a>\n\t\t\t<\/div><\/figure><figure class='gallery-item'>\n\t\t\t<div class='gallery-icon landscape'>\n\t\t\t\t<a data-elementor-open-lightbox=\"yes\" data-elementor-lightbox-slideshow=\"0a358db\" data-elementor-lightbox-title=\"IMG_4276\" data-e-action-hash=\"#elementor-action%3Aaction%3Dlightbox%26settings%3DeyJpZCI6MTQyNywidXJsIjoiaHR0cHM6XC9cL29wc2xhY3puYS5wbFwvd3AtY29udGVudFwvdXBsb2Fkc1wvMjAyNFwvMTJcL0lNR180Mjc2LmpwZyIsInNsaWRlc2hvdyI6IjBhMzU4ZGIifQ%3D%3D\" href='https:\/\/opslaczna.pl\/wp-content\/uploads\/2024\/12\/IMG_4276.jpg'><img loading=\"lazy\" decoding=\"async\" width=\"150\" height=\"150\" src=\"https:\/\/opslaczna.pl\/wp-content\/uploads\/2024\/12\/IMG_4276-150x150.jpg\" class=\"attachment-thumbnail size-thumbnail\" alt=\"\" srcset=\"https:\/\/opslaczna.pl\/wp-content\/uploads\/2024\/12\/IMG_4276-150x150.jpg 150w, https:\/\/opslaczna.pl\/wp-content\/uploads\/2024\/12\/IMG_4276-468x468.jpg 468w\" sizes=\"(max-width: 150px) 100vw, 150px\" \/><\/a>\n\t\t\t<\/div><\/figure><figure class='gallery-item'>\n\t\t\t<div class='gallery-icon landscape'>\n\t\t\t\t<a data-elementor-open-lightbox=\"yes\" data-elementor-lightbox-slideshow=\"0a358db\" data-elementor-lightbox-title=\"IMG_4280\" data-e-action-hash=\"#elementor-action%3Aaction%3Dlightbox%26settings%3DeyJpZCI6MTQyOCwidXJsIjoiaHR0cHM6XC9cL29wc2xhY3puYS5wbFwvd3AtY29udGVudFwvdXBsb2Fkc1wvMjAyNFwvMTJcL0lNR180MjgwLmpwZyIsInNsaWRlc2hvdyI6IjBhMzU4ZGIifQ%3D%3D\" href='https:\/\/opslaczna.pl\/wp-content\/uploads\/2024\/12\/IMG_4280.jpg'><img loading=\"lazy\" decoding=\"async\" width=\"150\" height=\"150\" src=\"https:\/\/opslaczna.pl\/wp-content\/uploads\/2024\/12\/IMG_4280-150x150.jpg\" class=\"attachment-thumbnail size-thumbnail\" alt=\"\" srcset=\"https:\/\/opslaczna.pl\/wp-content\/uploads\/2024\/12\/IMG_4280-150x150.jpg 150w, https:\/\/opslaczna.pl\/wp-content\/uploads\/2024\/12\/IMG_4280-468x468.jpg 468w\" sizes=\"(max-width: 150px) 100vw, 150px\" \/><\/a>\n\t\t\t<\/div><\/figure><figure class='gallery-item'>\n\t\t\t<div class='gallery-icon landscape'>\n\t\t\t\t<a data-elementor-open-lightbox=\"yes\" data-elementor-lightbox-slideshow=\"0a358db\" data-elementor-lightbox-title=\"IMG_4291\" data-e-action-hash=\"#elementor-action%3Aaction%3Dlightbox%26settings%3DeyJpZCI6MTQyOSwidXJsIjoiaHR0cHM6XC9cL29wc2xhY3puYS5wbFwvd3AtY29udGVudFwvdXBsb2Fkc1wvMjAyNFwvMTJcL0lNR180MjkxLmpwZyIsInNsaWRlc2hvdyI6IjBhMzU4ZGIifQ%3D%3D\" href='https:\/\/opslaczna.pl\/wp-content\/uploads\/2024\/12\/IMG_4291.jpg'><img loading=\"lazy\" decoding=\"async\" width=\"150\" height=\"150\" src=\"https:\/\/opslaczna.pl\/wp-content\/uploads\/2024\/12\/IMG_4291-150x150.jpg\" class=\"attachment-thumbnail size-thumbnail\" alt=\"\" srcset=\"https:\/\/opslaczna.pl\/wp-content\/uploads\/2024\/12\/IMG_4291-150x150.jpg 150w, https:\/\/opslaczna.pl\/wp-content\/uploads\/2024\/12\/IMG_4291-468x468.jpg 468w\" sizes=\"(max-width: 150px) 100vw, 150px\" \/><\/a>\n\t\t\t<\/div><\/figure><figure class='gallery-item'>\n\t\t\t<div class='gallery-icon landscape'>\n\t\t\t\t<a data-elementor-open-lightbox=\"yes\" data-elementor-lightbox-slideshow=\"0a358db\" data-elementor-lightbox-title=\"IMG_4329\" data-e-action-hash=\"#elementor-action%3Aaction%3Dlightbox%26settings%3DeyJpZCI6MTQzMCwidXJsIjoiaHR0cHM6XC9cL29wc2xhY3puYS5wbFwvd3AtY29udGVudFwvdXBsb2Fkc1wvMjAyNFwvMTJcL0lNR180MzI5LmpwZyIsInNsaWRlc2hvdyI6IjBhMzU4ZGIifQ%3D%3D\" href='https:\/\/opslaczna.pl\/wp-content\/uploads\/2024\/12\/IMG_4329.jpg'><img loading=\"lazy\" decoding=\"async\" width=\"150\" height=\"150\" src=\"https:\/\/opslaczna.pl\/wp-content\/uploads\/2024\/12\/IMG_4329-150x150.jpg\" class=\"attachment-thumbnail size-thumbnail\" alt=\"\" srcset=\"https:\/\/opslaczna.pl\/wp-content\/uploads\/2024\/12\/IMG_4329-150x150.jpg 150w, https:\/\/opslaczna.pl\/wp-content\/uploads\/2024\/12\/IMG_4329-468x468.jpg 468w\" sizes=\"(max-width: 150px) 100vw, 150px\" \/><\/a>\n\t\t\t<\/div><\/figure>\n\t\t<\/div>\n\t\t<\/div>\n\t\t\t\t\t\t<\/div>\n\t\t\t\t<\/div>\n\t\t\t\t\t<\/div>\n\t\t<\/div>\n\t\t\t\t\t<\/div>\n\t\t<\/section>\n\t\t\t\t<\/div>\n\t\t","protected":false},"excerpt":{"rendered":"<p>Dnia 12 grudnia br. odby\u0142o si\u0119 spotkanie wigilijne dla os\u00f3b samotnych i senior\u00f3w z terenu naszej Gminy. Organizatorami uroczysto\u015bci byli W\u00f3jt Gminy \u0141\u0105czna p. Wojciech F\u0105fara, Gminna Biblioteka Publiczna w \u0141\u0105cznej oraz Gminny O\u015brodek Pomocy Spo\u0142ecznej w \u0141\u0105cznej. Spotkanie rozpocz\u0119\u0142o si\u0119 od powitania i z\u0142o\u017cenia \u017cycze\u0144 przyby\u0142ym seniorom. G\u0142os zabrali: kierownik GOPS p. Monika Marcisz, &hellip; <\/p>\n","protected":false},"author":2,"featured_media":1330,"comment_status":"closed","ping_status":"closed","sticky":false,"template":"","format":"standard","meta":{"footnotes":""},"categories":[2],"tags":[],"class_list":["post-1416","post","type-post","status-publish","format-standard","has-post-thumbnail","hentry","category-aktualnosci"],"_links":{"self":[{"href":"https:\/\/opslaczna.pl\/index.php?rest_route=\/wp\/v2\/posts\/1416","targetHints":{"allow":["GET"]}}],"collection":[{"href":"https:\/\/opslaczna.pl\/index.php?rest_route=\/wp\/v2\/posts"}],"about":[{"href":"https:\/\/opslaczna.pl\/index.php?rest_route=\/wp\/v2\/types\/post"}],"author":[{"embeddable":true,"href":"https:\/\/opslaczna.pl\/index.php?rest_route=\/wp\/v2\/users\/2"}],"replies":[{"embeddable":true,"href":"https:\/\/opslaczna.pl\/index.php?rest_route=%2Fwp%2Fv2%2Fcomments&post=1416"}],"version-history":[{"count":4,"href":"https:\/\/opslaczna.pl\/index.php?rest_route=\/wp\/v2\/posts\/1416\/revisions"}],"predecessor-version":[{"id":1433,"href":"https:\/\/opslaczna.pl\/index.php?rest_route=\/wp\/v2\/posts\/1416\/revisions\/1433"}],"wp:featuredmedia":[{"embeddable":true,"href":"https:\/\/opslaczna.pl\/index.php?rest_route=\/wp\/v2\/media\/1330"}],"wp:attachment":[{"href":"https:\/\/opslaczna.pl\/index.php?rest_route=%2Fwp%2Fv2%2Fmedia&parent=1416"}],"wp:term":[{"taxonomy":"category","embeddable":true,"href":"https:\/\/opslaczna.pl\/index.php?rest_route=%2Fwp%2Fv2%2Fcategories&post=1416"},{"taxonomy":"post_tag","embeddable":true,"href":"https:\/\/opslaczna.pl\/index.php?rest_route=%2Fwp%2Fv2%2Ftags&post=1416"}],"curies":[{"name":"wp","href":"https:\/\/api.w.org\/{rel}","templated":true}]}}