{"id":1314,"date":"2024-09-23T11:26:44","date_gmt":"2024-09-23T11:26:44","guid":{"rendered":"http:\/\/laczna2.opslaczna.pl\/?p=1314"},"modified":"2024-10-03T12:13:48","modified_gmt":"2024-10-03T12:13:48","slug":"informacja-15","status":"publish","type":"post","link":"https:\/\/opslaczna.pl\/?p=1314","title":{"rendered":"Informacja"},"content":{"rendered":"\t\t<div data-elementor-type=\"wp-post\" data-elementor-id=\"1314\" class=\"elementor elementor-1314\">\n\t\t\t\t\t\t<section class=\"elementor-section elementor-top-section elementor-element elementor-element-70835c6 elementor-section-boxed elementor-section-height-default elementor-section-height-default\" data-id=\"70835c6\" data-element_type=\"section\">\n\t\t\t\t\t\t<div class=\"elementor-container elementor-column-gap-default\">\n\t\t\t\t\t<div class=\"elementor-column elementor-col-100 elementor-top-column elementor-element elementor-element-26b73cb\" data-id=\"26b73cb\" data-element_type=\"column\">\n\t\t\t<div class=\"elementor-widget-wrap elementor-element-populated\">\n\t\t\t\t\t\t<div class=\"elementor-element elementor-element-7852270 elementor-widget elementor-widget-text-editor\" data-id=\"7852270\" data-element_type=\"widget\" data-widget_type=\"text-editor.default\">\n\t\t\t\t<div class=\"elementor-widget-container\">\n\t\t\t\t\t\t\t\t\t<p style=\"text-align: center;\" align=\"center\"><strong><span style=\"color: #ff0000;\">Informacja dla mieszka\u0144c\u00f3w Gminy \u0141\u0105czna dotycz\u0105ca Bonu Energetycznego<\/span><\/strong><\/p><p style=\"text-align: center;\"><strong>\u00a0<\/strong><\/p><p style=\"text-align: center;\"><strong>\u00a0\u00a0\u00a0\u00a0\u00a0\u00a0\u00a0\u00a0\u00a0\u00a0\u00a0\u00a0\u00a0\u00a0\u00a0 Gminny O\u015brodek Pomocy Spo\u0142ecznej w \u0141\u0105cznej przypomina, \u017ce w dniu: <\/strong><strong><span style=\"color: #ff0000;\">30 wrze\u015bnia 2024r.\u00a0<\/span><\/strong><strong> ko\u0144czy si\u0119 termin sk\u0142adania wniosk\u00f3w o przyznanie bonu energetycznego.<\/strong><\/p><p style=\"text-align: center;\"><strong>Osoby, kt\u00f3re nie z\u0142o\u017cy\u0142y wniosk\u00f3w a s\u0105 zainteresowane otrzymaniem tego \u015bwiadczenia, powinny z\u0142o\u017cy\u0107 go w podanym terminie.<\/strong><\/p><p style=\"text-align: center;\"><strong>Wnioski o wyp\u0142at\u0119 bonu energetycznego z\u0142o\u017cone po terminie pozostawia si\u0119 bez rozpoznania. <\/strong><\/p><p style=\"text-align: center;\">\u00a0<\/p><header class=\"entry-header\"><h1 class=\"entry-title\">Bon Energetyczny<\/h1><\/header><div class=\"entry-content\"><div class=\"elementor elementor-1273\" data-elementor-type=\"wp-post\" data-elementor-id=\"1273\" data-elementor-settings=\"[]\"><div class=\"elementor-inner\"><div class=\"elementor-section-wrap\"><section class=\"elementor-section elementor-top-section elementor-element elementor-element-ffa0d05 elementor-section-boxed elementor-section-height-default elementor-section-height-default\" data-id=\"ffa0d05\" data-element_type=\"section\"><div class=\"elementor-container elementor-column-gap-default\"><div class=\"elementor-row\"><div class=\"elementor-column elementor-col-100 elementor-top-column elementor-element elementor-element-1fcc76e\" data-id=\"1fcc76e\" data-element_type=\"column\"><div class=\"elementor-column-wrap elementor-element-populated\"><div class=\"elementor-widget-wrap\"><div class=\"elementor-element elementor-element-b66fbdf elementor-widget elementor-widget-text-editor\" data-id=\"b66fbdf\" data-element_type=\"widget\" data-widget_type=\"text-editor.default\"><div class=\"elementor-widget-container\"><div class=\"elementor-text-editor elementor-clearfix\"><p><img fetchpriority=\"high\" decoding=\"async\" class=\"alignnone  wp-image-1275 aligncenter\" src=\"http:\/\/laczna2.opslaczna.pl\/wp-content\/uploads\/2024\/07\/1920x810-300x127.jpg\" sizes=\"(max-width: 449px) 100vw, 449px\" srcset=\"https:\/\/laczna2.opslaczna.pl\/wp-content\/uploads\/2024\/07\/1920x810-300x127.jpg 300w, https:\/\/laczna2.opslaczna.pl\/wp-content\/uploads\/2024\/07\/1920x810.jpg 600w\" alt=\"\" width=\"449\" height=\"190\" \/><\/p><\/div><\/div><\/div><\/div><\/div><\/div><\/div><\/div><\/section><section class=\"elementor-section elementor-top-section elementor-element elementor-element-bdf0e4f elementor-section-boxed elementor-section-height-default elementor-section-height-default\" data-id=\"bdf0e4f\" data-element_type=\"section\"><div class=\"elementor-container elementor-column-gap-default\"><div class=\"elementor-row\"><div class=\"elementor-column elementor-col-100 elementor-top-column elementor-element elementor-element-a84cc18\" data-id=\"a84cc18\" data-element_type=\"column\"><div class=\"elementor-column-wrap elementor-element-populated\"><div class=\"elementor-widget-wrap\"><div class=\"elementor-element elementor-element-5b87e03 elementor-widget elementor-widget-text-editor\" data-id=\"5b87e03\" data-element_type=\"widget\" data-widget_type=\"text-editor.default\"><div class=\"elementor-widget-container\"><div class=\"elementor-text-editor elementor-clearfix\"><p>Wniosek nale\u017cy z\u0142o\u017cy\u0107 w okresie od 01.08.2024r. do 30.09.2024r.<\/p><p>Bon energetyczny jest jednorazowym \u015bwiadczeniem pieni\u0119\u017cnym.<\/p><p>Zgodnie z ustaw\u0105 o bonie energetycznym \u015bwiadczenie przys\u0142uguje:<\/p><p><strong>Osobie w gospodarstwie domowym jednoosobowym, w kt\u00f3rym wysoko\u015b\u0107 przeci\u0119tnego miesi\u0119cznego dochodu za 2023r. nie przekracza kwoty 2500 z\u0142,<\/strong><\/p><p><strong>Osobie w gospodarstwie domowym wieloosobowym, w kt\u00f3rym wysoko\u015b\u0107 przeci\u0119tnego miesi\u0119cznego dochodu za 2023r. nie przekracza kwoty 1700 z\u0142 na osob\u0119.<\/strong><\/p><p>Doch\u00f3d b\u0119dzie ustalany na podstawie art. 3 pkt 1 ustawy z dnia 28 listopada 2003 r. o \u015bwiadczeniach rodzinnych.<\/p><p><strong>Gospodarstwo domowe tworz\u0105:<\/strong><\/p><ul><li>gospodarstwo domowe jednoosobowe \u2013 osoba samotnie zamieszkuj\u0105ca i gospodaruj\u0105ca;<\/li><li>gospodarstwo domowe wieloosobowe \u2013 osoba, kt\u00f3ra wnioskuje o przyznanie dodatku os\u0142onowego oraz osoby z ni\u0105 spokrewnione lub niespokrewnione pozostaj\u0105ce w faktycznym zwi\u0105zku, wsp\u00f3lnie z ni\u0105 zamieszkuj\u0105ce i gospodaruj\u0105ce.<\/li><\/ul><p>W przypadku gdy wniosek o wyp\u0142at\u0119 bonu energetycznego dla gospodarstwa domowego wieloosobowego z\u0142o\u017cy\u0142a wi\u0119cej ni\u017c jedna osoba, ten bon jest wyp\u0142acany osobie w tym gospodarstwie domowym, kt\u00f3ra <u>z\u0142o\u017cy\u0142a wniosek jako pierwsza. <\/u><\/p><p>Na potrzeby sk\u0142adania wniosk\u00f3w o wyp\u0142at\u0119 bonu energetycznego przyjmuje si\u0119, \u017ce jedna osoba mo\u017ce wchodzi\u0107 w sk\u0142ad tylko jednego gospodarstwa domowego.<\/p><p>Liczba os\u00f3b wchodz\u0105cych w sk\u0142ad gospodarstwa domowego jest ustalana na dzie\u0144 z\u0142o\u017cenia wniosku o wyp\u0142at\u0119 bonu energetycznego.<\/p><p><strong>Bon energetyczny wynosi:<\/strong><\/p><p>1) 300 \u2013 z\u0142 dla gospodarstwa domowego jednoosobowego,<\/p><p>2) 400 \u2013 z\u0142 dla gospodarstwa domowego sk\u0142adaj\u0105cego si\u0119 z 2 do 3 os\u00f3b,<\/p><p>3) 500 \u2013 z\u0142 dla gospodarstwa domowego sk\u0142adaj\u0105cego si\u0119 z 4 do 5 os\u00f3b,<\/p><p>4) 600 \u2013 z\u0142 dla gospodarstwa domowego sk\u0142adaj\u0105cego si\u0119 z co najmniej 6 os\u00f3b.<\/p><p>W przypadku gdy g\u0142\u00f3wne \u017ar\u00f3d\u0142o ogrzewania danego gospodarstwa domowego jest zasilane energi\u0105 elektryczn\u0105 i jest wpisane lub zg\u0142oszone do centralnej ewidencji emisyjno\u015bci budynk\u00f3w, o kt\u00f3rej mowa w art. 27a ust. 1 ustawy z dnia 21 listopada 2008 r. o wspieraniu termomodernizacji i remont\u00f3w oraz o centralnej ewidencji emisyjno\u015bci budynk\u00f3w (Dz. U. z 2023 r. poz. 2496), do dnia 1 kwietnia 2024 r., albo po tym dniu \u2013 w przypadku g\u0142\u00f3wnych \u017ar\u00f3de\u0142 ogrzewania zg\u0142oszonych lub wpisanych po raz pierwszy do centralnej ewidencji emisyjno\u015bci budynk\u00f3w, o kt\u00f3rych mowa w art. 27g ust. 1 tej ustawy.<\/p><ul><li>600 z\u0142 \u2013 dla gospodarstwa domowego jednoosobowego,<\/li><li>800 z\u0142 \u2013 dla gospodarstwa domowego sk\u0142adaj\u0105cego si\u0119 z 2 do 3 os\u00f3b,<\/li><li>1000 z\u0142 \u2013 dla gospodarstwa domowego sk\u0142adaj\u0105cego si\u0119 z 4 do 5 os\u00f3b,<\/li><li>1200 z\u0142 \u2013 dla gospodarstwa domowego sk\u0142adaj\u0105cego si\u0119 z co najmniej 6 os\u00f3b.<\/li><\/ul><p><strong>Uwaga<\/strong><\/p><p>Bon energetyczny mo\u017ce zosta\u0107 przyznany r\u00f3wnie\u017c, gdy wysoko\u015b\u0107 przeci\u0119tnego miesi\u0119cznego dochodu przekracza 2500 z\u0142 w gospodarstwie jednoosobowym i 1700 z\u0142 w gospodarstwie wieloosobowym. Zostanie wyp\u0142acona w\u00f3wczas r\u00f3\u017cnica mi\u0119dzy kwot\u0105 bonu, a kwot\u0105, o kt\u00f3r\u0105 zosta\u0142 przekroczony przeci\u0119tny miesi\u0119czny doch\u00f3d. \u015awiadczenie nie przys\u0142uguje, gdy jego wysoko\u015b\u0107 jest ni\u017csza ni\u017c 20 z\u0142.<\/p><p><strong>Jak powiadomimy o przyznaniu bonu energetycznego<\/strong><\/p><p>Przyznanie bonu energetycznego nie wymaga wydania decyzji.<\/p><p>Je\u017celi we wniosku o wyp\u0142at\u0119 bonu energetycznego zostanie podany adres poczty elektronicznej, informacja o przyznaniu w\/w bonu zostanie wys\u0142ana na ten adres.<\/p><p>Je\u017celi nie zostanie podany adres poczty elektronicznej, wnioskodawca b\u0119dzie m\u00f3g\u0142 odebra\u0107 informacj\u0119 o przyznaniu bonu energetycznego w Gminnym O\u015brodku Pomocy Spo\u0142ecznej w \u0141\u0105cznej. <strong>Nie odebranie w\/w informacji nie wstrzymuje wyp\u0142aty \u015bwiadczenia.<\/strong><\/p><p><strong>Gdzie i kiedy z\u0142o\u017cy\u0107 wniosek<\/strong><\/p><p>Wnioski b\u0119d\u0105 przyjmowane w Gminnym O\u015brodku Pomocy Spo\u0142ecznej w \u0141\u0105cznej, Kamionki 60,\u00a0 w godzinach pacy GOPS od poniedzia\u0142ku do pi\u0105tku.<\/p><\/div><\/div><\/div><\/div><\/div><\/div><\/div><\/div><\/section><section class=\"elementor-section elementor-top-section elementor-element elementor-element-a90bbf8 elementor-section-boxed elementor-section-height-default elementor-section-height-default\" data-id=\"a90bbf8\" data-element_type=\"section\"><div class=\"elementor-container elementor-column-gap-default\"><div class=\"elementor-row\"><div class=\"elementor-column elementor-col-100 elementor-top-column elementor-element elementor-element-6e54a16\" data-id=\"6e54a16\" data-element_type=\"column\"><div class=\"elementor-column-wrap elementor-element-populated\"><div class=\"elementor-widget-wrap\"><div class=\"elementor-element elementor-element-011cce0 elementor-align-center elementor-widget elementor-widget-button\" data-id=\"011cce0\" data-element_type=\"widget\" data-widget_type=\"button.default\"><div class=\"elementor-widget-container\"><div class=\"elementor-button-wrapper\" style=\"text-align: center;\"><a class=\"elementor-button-link elementor-button elementor-size-sm\" role=\"button\" href=\"http:\/\/laczna2.opslaczna.pl\/wp-content\/uploads\/2024\/07\/Wzor_wniosku_bon_energetyczny_2024_r..pdf\"> <span class=\"elementor-button-content-wrapper\"> <span class=\"elementor-button-text\">Pobierz wz\u00f3r wniosku &#8211; pdf<\/span> <\/span> <\/a><\/div><\/div><\/div><\/div><\/div><\/div><\/div><\/div><\/section><\/div><\/div><\/div><\/div>\t\t\t\t\t\t\t\t<\/div>\n\t\t\t\t<\/div>\n\t\t\t\t\t<\/div>\n\t\t<\/div>\n\t\t\t\t\t<\/div>\n\t\t<\/section>\n\t\t\t\t<\/div>\n\t\t","protected":false},"excerpt":{"rendered":"<p>Informacja dla mieszka\u0144c\u00f3w Gminy \u0141\u0105czna dotycz\u0105ca Bonu Energetycznego &nbsp; &nbsp;&nbsp;&nbsp;&nbsp;&nbsp;&nbsp;&nbsp;&nbsp;&nbsp;&nbsp;&nbsp;&nbsp;&nbsp;&nbsp;&nbsp; Gminny O\u015brodek Pomocy Spo\u0142ecznej w \u0141\u0105cznej przypomina, \u017ce w dniu: 30 wrze\u015bnia 2024r.&nbsp; ko\u0144czy si\u0119 termin sk\u0142adania wniosk\u00f3w o przyznanie bonu energetycznego. Osoby, kt\u00f3re nie z\u0142o\u017cy\u0142y wniosk\u00f3w a s\u0105 zainteresowane otrzymaniem tego \u015bwiadczenia, powinny z\u0142o\u017cy\u0107 go w podanym terminie. Wnioski o wyp\u0142at\u0119 bonu energetycznego z\u0142o\u017cone &hellip; <\/p>\n","protected":false},"author":2,"featured_media":1330,"comment_status":"closed","ping_status":"closed","sticky":false,"template":"","format":"standard","meta":{"footnotes":""},"categories":[2],"tags":[],"class_list":["post-1314","post","type-post","status-publish","format-standard","has-post-thumbnail","hentry","category-aktualnosci"],"_links":{"self":[{"href":"https:\/\/opslaczna.pl\/index.php?rest_route=\/wp\/v2\/posts\/1314","targetHints":{"allow":["GET"]}}],"collection":[{"href":"https:\/\/opslaczna.pl\/index.php?rest_route=\/wp\/v2\/posts"}],"about":[{"href":"https:\/\/opslaczna.pl\/index.php?rest_route=\/wp\/v2\/types\/post"}],"author":[{"embeddable":true,"href":"https:\/\/opslaczna.pl\/index.php?rest_route=\/wp\/v2\/users\/2"}],"replies":[{"embeddable":true,"href":"https:\/\/opslaczna.pl\/index.php?rest_route=%2Fwp%2Fv2%2Fcomments&post=1314"}],"version-history":[{"count":5,"href":"https:\/\/opslaczna.pl\/index.php?rest_route=\/wp\/v2\/posts\/1314\/revisions"}],"predecessor-version":[{"id":1332,"href":"https:\/\/opslaczna.pl\/index.php?rest_route=\/wp\/v2\/posts\/1314\/revisions\/1332"}],"wp:featuredmedia":[{"embeddable":true,"href":"https:\/\/opslaczna.pl\/index.php?rest_route=\/wp\/v2\/media\/1330"}],"wp:attachment":[{"href":"https:\/\/opslaczna.pl\/index.php?rest_route=%2Fwp%2Fv2%2Fmedia&parent=1314"}],"wp:term":[{"taxonomy":"category","embeddable":true,"href":"https:\/\/opslaczna.pl\/index.php?rest_route=%2Fwp%2Fv2%2Fcategories&post=1314"},{"taxonomy":"post_tag","embeddable":true,"href":"https:\/\/opslaczna.pl\/index.php?rest_route=%2Fwp%2Fv2%2Ftags&post=1314"}],"curies":[{"name":"wp","href":"https:\/\/api.w.org\/{rel}","templated":true}]}}