{"id":1281,"date":"2024-08-01T11:02:36","date_gmt":"2024-08-01T11:02:36","guid":{"rendered":"http:\/\/laczna2.opslaczna.pl\/?p=1281"},"modified":"2025-09-24T11:27:13","modified_gmt":"2025-09-24T11:27:13","slug":"informacja-dla-mieszkancow-gminy-laczna","status":"publish","type":"post","link":"https:\/\/opslaczna.pl\/?p=1281","title":{"rendered":"INFORMACJA DLA MIESZKA\u0143C\u00d3W GMINY \u0141\u0104CZNA"},"content":{"rendered":"\t\t<div data-elementor-type=\"wp-post\" data-elementor-id=\"1281\" class=\"elementor elementor-1281\">\n\t\t\t\t\t\t<section class=\"elementor-section elementor-top-section elementor-element elementor-element-ffe3dec elementor-section-boxed elementor-section-height-default elementor-section-height-default\" data-id=\"ffe3dec\" data-element_type=\"section\">\n\t\t\t\t\t\t<div class=\"elementor-container elementor-column-gap-default\">\n\t\t\t\t\t<div class=\"elementor-column elementor-col-100 elementor-top-column elementor-element elementor-element-8027145\" data-id=\"8027145\" data-element_type=\"column\">\n\t\t\t<div class=\"elementor-widget-wrap elementor-element-populated\">\n\t\t\t\t\t\t<div class=\"elementor-element elementor-element-2b05620 elementor-widget elementor-widget-image\" data-id=\"2b05620\" data-element_type=\"widget\" data-widget_type=\"image.default\">\n\t\t\t\t<div class=\"elementor-widget-container\">\n\t\t\t\t\t\t\t\t\t\t\t\t\t\t\t<img fetchpriority=\"high\" decoding=\"async\" width=\"1024\" height=\"105\" src=\"https:\/\/opslaczna.pl\/wp-content\/uploads\/2024\/08\/logo-mrpips-1024x105.jpg\" class=\"attachment-large size-large wp-image-1641\" alt=\"\" srcset=\"https:\/\/opslaczna.pl\/wp-content\/uploads\/2024\/08\/logo-mrpips-1024x105.jpg 1024w, https:\/\/opslaczna.pl\/wp-content\/uploads\/2024\/08\/logo-mrpips-300x31.jpg 300w, https:\/\/opslaczna.pl\/wp-content\/uploads\/2024\/08\/logo-mrpips-768x79.jpg 768w, https:\/\/opslaczna.pl\/wp-content\/uploads\/2024\/08\/logo-mrpips-1536x158.jpg 1536w, https:\/\/opslaczna.pl\/wp-content\/uploads\/2024\/08\/logo-mrpips.jpg 1890w\" sizes=\"(max-width: 1024px) 100vw, 1024px\" \/>\t\t\t\t\t\t\t\t\t\t\t\t\t\t\t<\/div>\n\t\t\t\t<\/div>\n\t\t\t\t<div class=\"elementor-element elementor-element-18c9ce9 elementor-widget elementor-widget-text-editor\" data-id=\"18c9ce9\" data-element_type=\"widget\" data-widget_type=\"text-editor.default\">\n\t\t\t\t<div class=\"elementor-widget-container\">\n\t\t\t\t\t\t\t\t\t<h2 style=\"text-align: center;\"><strong>Gminny O\u015brodek Pomocy Spo\u0142ecznej w \u0141\u0105cznej informuje, \u017ce rozpocz\u0105\u0142 si\u0119 nab\u00f3r wniosk\u00f3w w ramach programu resortowego Ministra Rodziny i Polityki Spo\u0142ecznej \u201eAsystent osobisty osoby z niepe\u0142nosprawno\u015bci\u0105\u201d dla Jednostek Samorz\u0105du Terytorialnego edycja 2025<\/strong><\/h2><p style=\"text-align: center;\">G\u0142\u00f3wnym celem Programu jest wprowadzenie us\u0142ug asystencji osobistej jako formy og\u00f3lnodost\u0119pnego wsparcia w wykonywaniu codziennych czynno\u015bci oraz funkcjonowaniu w \u017cyciu spo\u0142ecznym os\u00f3b niepe\u0142nosprawnych.<\/p><p style=\"text-align: center;\">Adresatami Programu s\u0105:<\/p><ol style=\"text-align: center;\"><li>dzieci od uko\u0144czenia 2. roku \u017cycia do uko\u0144czenia 16. roku \u017cycia posiadaj\u0105ce orzeczenie o niepe\u0142nosprawno\u015bci \u0142\u0105cznie ze wskazaniami w pkt 7 i 8 w orzeczeniu o niepe\u0142nosprawno\u015bci \u2013 konieczno\u015bci sta\u0142ej lub d\u0142ugotrwa\u0142ej opieki lub pomocy innej osoby w zwi\u0105zku ze znacznie ograniczon\u0105 mo\u017cliwo\u015bci\u0105 samodzielnej egzystencji oraz konieczno\u015bci sta\u0142ego wsp\u00f3\u0142udzia\u0142u na co dzie\u0144 opiekuna dziecka w procesie jego leczenia, rehabilitacji i edukacji oraz<\/li><li>osoby z niepe\u0142nosprawno\u015bciami posiadaj\u0105ce orzeczenie:<br \/>a) o znacznym stopniu niepe\u0142nosprawno\u015bci albo<br \/>b) o umiarkowanym stopniu niepe\u0142nosprawno\u015bci albo<br \/>c) traktowane na r\u00f3wni z orzeczeniami wymienionymi w lit. a i b, zgodnie z art. 5 i art. 62 ustawy z dnia 27 sierpnia 1997 r. o rehabilitacji zawodowej i spo\u0142ecznej oraz zatrudnianiu os\u00f3b niepe\u0142nosprawnych.<\/li><\/ol><p style=\"text-align: center;\">Na realizacj\u0119 Programu Minister Rodziny, Pracy i Polityki Spo\u0142ecznej <strong>przeznaczy\u0142 kwot\u0119 800 000 000,00 z\u0142.<\/strong><\/p><p style=\"text-align: center;\"><strong>Osoby zainteresowane wzi\u0119ciem udzia\u0142u w programie mog\u0105 zg\u0142asza\u0107 si\u0119 osobi\u015bcie do GOPS w \u0141\u0105cznej, Kamionki 60, lub\u00a0 telefonicznie od poniedzia\u0142ku do pi\u0105tku w godz. 7.30-15.00, pod numerem 41 25-48-479 , jak\u00a0r\u00f3wnie\u017c pod adres email: <\/strong><a href=\"mailto:gopslaczna@hot.pl\"><strong>gopslaczna@hot.pl<\/strong><\/a><\/p><p style=\"text-align: center;\">\u00a0<strong><u>Zg\u0142oszenia przyjmujemy<\/u><\/strong><u>\u00a0<\/u><strong><u>do dnia 19.08.2024r<\/u><\/strong><\/p><p style=\"text-align: center;\"><strong>Zebrane informacje pos\u0142u\u017c\u0105 do ustalenia zapotrzebowania na tego typu us\u0142ug\u0119 w\u00a0roku 2025 i\u00a0aplikowanie o\u00a0\u015brodki finansowe na realizacj\u0119 Programu \u201eAsystent osobisty osoby z niepe\u0142nosprawno\u015bci\u0105\u201d dla Jednostek Samorz\u0105du Terytorialnego &#8211; edycja 2025<\/strong><strong>.<\/strong><\/p><p style=\"text-align: center;\">Poni\u017cej link do strony Biura Pe\u0142nomocnika Rz\u0105du ds. Os\u00f3b Niepe\u0142nosprawnych, gdzie zosta\u0142 zamieszczony stosowny komunikat oraz og\u0142oszenie o naborze wniosk\u00f3w.<\/p><p style=\"text-align: center;\"><a href=\"https:\/\/niepelnosprawni.gov.pl\/a,1533,nabor-wnioskow-w-ramach-resortowego-programu-ministra-rodziny-pracy-i-polityki-spolecznej-asystent-osobisty-osoby-z-niepelnosprawnoscia-dla-jednostek-samorzadu-terytorialnego-edycja-2025\">https:\/\/niepelnosprawni.gov.pl\/a,1533,nabor-wnioskow-w-ramach-resortowego-programu-ministra-rodziny-pracy-i-polityki-spolecznej-asystent-osobisty-osoby-z-niepelnosprawnoscia-dla-jednostek-samorzadu-terytorialnego-edycja-2025<\/a><\/p><p style=\"text-align: center;\">\u00a0<\/p>\t\t\t\t\t\t\t\t<\/div>\n\t\t\t\t<\/div>\n\t\t\t\t\t<\/div>\n\t\t<\/div>\n\t\t\t\t\t<\/div>\n\t\t<\/section>\n\t\t\t\t<\/div>\n\t\t","protected":false},"excerpt":{"rendered":"<p>Gminny O\u015brodek Pomocy Spo\u0142ecznej w \u0141\u0105cznej informuje, \u017ce rozpocz\u0105\u0142 si\u0119 nab\u00f3r wniosk\u00f3w w ramach programu resortowego Ministra Rodziny i Polityki Spo\u0142ecznej \u201eAsystent osobisty osoby z niepe\u0142nosprawno\u015bci\u0105\u201d dla Jednostek Samorz\u0105du Terytorialnego edycja 2025 G\u0142\u00f3wnym celem Programu jest wprowadzenie us\u0142ug asystencji osobistej jako formy og\u00f3lnodost\u0119pnego wsparcia w wykonywaniu codziennych czynno\u015bci oraz funkcjonowaniu w \u017cyciu spo\u0142ecznym os\u00f3b niepe\u0142nosprawnych. &hellip; <\/p>\n","protected":false},"author":2,"featured_media":1330,"comment_status":"closed","ping_status":"closed","sticky":false,"template":"","format":"standard","meta":{"footnotes":""},"categories":[2,9],"tags":[],"class_list":["post-1281","post","type-post","status-publish","format-standard","has-post-thumbnail","hentry","category-aktualnosci","category-aon"],"_links":{"self":[{"href":"https:\/\/opslaczna.pl\/index.php?rest_route=\/wp\/v2\/posts\/1281","targetHints":{"allow":["GET"]}}],"collection":[{"href":"https:\/\/opslaczna.pl\/index.php?rest_route=\/wp\/v2\/posts"}],"about":[{"href":"https:\/\/opslaczna.pl\/index.php?rest_route=\/wp\/v2\/types\/post"}],"author":[{"embeddable":true,"href":"https:\/\/opslaczna.pl\/index.php?rest_route=\/wp\/v2\/users\/2"}],"replies":[{"embeddable":true,"href":"https:\/\/opslaczna.pl\/index.php?rest_route=%2Fwp%2Fv2%2Fcomments&post=1281"}],"version-history":[{"count":14,"href":"https:\/\/opslaczna.pl\/index.php?rest_route=\/wp\/v2\/posts\/1281\/revisions"}],"predecessor-version":[{"id":1644,"href":"https:\/\/opslaczna.pl\/index.php?rest_route=\/wp\/v2\/posts\/1281\/revisions\/1644"}],"wp:featuredmedia":[{"embeddable":true,"href":"https:\/\/opslaczna.pl\/index.php?rest_route=\/wp\/v2\/media\/1330"}],"wp:attachment":[{"href":"https:\/\/opslaczna.pl\/index.php?rest_route=%2Fwp%2Fv2%2Fmedia&parent=1281"}],"wp:term":[{"taxonomy":"category","embeddable":true,"href":"https:\/\/opslaczna.pl\/index.php?rest_route=%2Fwp%2Fv2%2Fcategories&post=1281"},{"taxonomy":"post_tag","embeddable":true,"href":"https:\/\/opslaczna.pl\/index.php?rest_route=%2Fwp%2Fv2%2Ftags&post=1281"}],"curies":[{"name":"wp","href":"https:\/\/api.w.org\/{rel}","templated":true}]}}