{"id":1261,"date":"2024-06-28T11:46:16","date_gmt":"2024-06-28T11:46:16","guid":{"rendered":"http:\/\/laczna2.opslaczna.pl\/?p=1261"},"modified":"2024-10-03T12:17:38","modified_gmt":"2024-10-03T12:17:38","slug":"ogloszenie-13","status":"publish","type":"post","link":"https:\/\/opslaczna.pl\/?p=1261","title":{"rendered":"Og\u0142oszenie"},"content":{"rendered":"\t\t<div data-elementor-type=\"wp-post\" data-elementor-id=\"1261\" class=\"elementor elementor-1261\">\n\t\t\t\t\t\t<section class=\"elementor-section elementor-top-section elementor-element elementor-element-d638bec elementor-section-boxed elementor-section-height-default elementor-section-height-default\" data-id=\"d638bec\" data-element_type=\"section\">\n\t\t\t\t\t\t<div class=\"elementor-container elementor-column-gap-default\">\n\t\t\t\t\t<div class=\"elementor-column elementor-col-100 elementor-top-column elementor-element elementor-element-298ec2d\" data-id=\"298ec2d\" data-element_type=\"column\">\n\t\t\t<div class=\"elementor-widget-wrap elementor-element-populated\">\n\t\t\t\t\t\t<div class=\"elementor-element elementor-element-f76eecf elementor-widget elementor-widget-text-editor\" data-id=\"f76eecf\" data-element_type=\"widget\" data-widget_type=\"text-editor.default\">\n\t\t\t\t<div class=\"elementor-widget-container\">\n\t\t\t\t\t\t\t\t\t<p style=\"text-align: center;\"><span style=\"color: #ff0000;\"><strong>OG\u0141OSZENIE<\/strong><\/span><\/p><p style=\"text-align: center;\"><strong>W\u00f3jt Gminy \u0141\u0105czna, Gminny O\u015brodek Pomocy Spo\u0142ecznej w \u0141\u0105cznej oraz Polski Komitet Pomocy Spo\u0142ecznej w \u0141\u0105cznej informuje, i\u017c wydawanie \u017cywno\u015bci osobom, kt\u00f3re uzyska\u0142y skierowanie<br \/>odb\u0119dzie si\u0119\u00a0 w dniach:<\/strong><\/p><p style=\"text-align: center;\"><span style=\"color: #ff0000;\"><strong>4 lipca 2024r. (czwartek) w godzinach 9:00 \u2013 11:00<\/strong><\/span><\/p><p style=\"text-align: center;\">\u00a0<\/p><p style=\"text-align: center;\"><strong><u>\u017bywno\u015b\u0107 b\u0119dzie wydawana w magazynie PKPS<\/u><\/strong><\/p><p style=\"text-align: center;\"><strong><u>przy budynku Poczty w \u0141\u0105cznej<\/u><\/strong><\/p>\t\t\t\t\t\t\t\t<\/div>\n\t\t\t\t<\/div>\n\t\t\t\t\t<\/div>\n\t\t<\/div>\n\t\t\t\t\t<\/div>\n\t\t<\/section>\n\t\t\t\t<\/div>\n\t\t","protected":false},"excerpt":{"rendered":"<p>OG\u0141OSZENIE W\u00f3jt Gminy \u0141\u0105czna, Gminny O\u015brodek Pomocy Spo\u0142ecznej w \u0141\u0105cznej oraz Polski Komitet Pomocy Spo\u0142ecznej w \u0141\u0105cznej informuje, i\u017c wydawanie \u017cywno\u015bci osobom, kt\u00f3re uzyska\u0142y skierowanie odb\u0119dzie si\u0119&nbsp; w dniach: 4 lipca 2024r. (czwartek) w godzinach 9:00 \u2013 11:00 \u017bywno\u015b\u0107 b\u0119dzie wydawana w magazynie PKPS przy budynku Poczty w \u0141\u0105cznej<\/p>\n","protected":false},"author":2,"featured_media":1330,"comment_status":"closed","ping_status":"closed","sticky":false,"template":"","format":"standard","meta":{"footnotes":""},"categories":[2],"tags":[],"class_list":["post-1261","post","type-post","status-publish","format-standard","has-post-thumbnail","hentry","category-aktualnosci"],"_links":{"self":[{"href":"https:\/\/opslaczna.pl\/index.php?rest_route=\/wp\/v2\/posts\/1261","targetHints":{"allow":["GET"]}}],"collection":[{"href":"https:\/\/opslaczna.pl\/index.php?rest_route=\/wp\/v2\/posts"}],"about":[{"href":"https:\/\/opslaczna.pl\/index.php?rest_route=\/wp\/v2\/types\/post"}],"author":[{"embeddable":true,"href":"https:\/\/opslaczna.pl\/index.php?rest_route=\/wp\/v2\/users\/2"}],"replies":[{"embeddable":true,"href":"https:\/\/opslaczna.pl\/index.php?rest_route=%2Fwp%2Fv2%2Fcomments&post=1261"}],"version-history":[{"count":5,"href":"https:\/\/opslaczna.pl\/index.php?rest_route=\/wp\/v2\/posts\/1261\/revisions"}],"predecessor-version":[{"id":1340,"href":"https:\/\/opslaczna.pl\/index.php?rest_route=\/wp\/v2\/posts\/1261\/revisions\/1340"}],"wp:featuredmedia":[{"embeddable":true,"href":"https:\/\/opslaczna.pl\/index.php?rest_route=\/wp\/v2\/media\/1330"}],"wp:attachment":[{"href":"https:\/\/opslaczna.pl\/index.php?rest_route=%2Fwp%2Fv2%2Fmedia&parent=1261"}],"wp:term":[{"taxonomy":"category","embeddable":true,"href":"https:\/\/opslaczna.pl\/index.php?rest_route=%2Fwp%2Fv2%2Fcategories&post=1261"},{"taxonomy":"post_tag","embeddable":true,"href":"https:\/\/opslaczna.pl\/index.php?rest_route=%2Fwp%2Fv2%2Ftags&post=1261"}],"curies":[{"name":"wp","href":"https:\/\/api.w.org\/{rel}","templated":true}]}}