{"id":1250,"date":"2024-06-12T11:18:53","date_gmt":"2024-06-12T11:18:53","guid":{"rendered":"http:\/\/laczna2.opslaczna.pl\/?p=1250"},"modified":"2024-10-03T12:18:09","modified_gmt":"2024-10-03T12:18:09","slug":"ogloszenie-12","status":"publish","type":"post","link":"https:\/\/opslaczna.pl\/?p=1250","title":{"rendered":"Og\u0142oszenie"},"content":{"rendered":"\t\t<div data-elementor-type=\"wp-post\" data-elementor-id=\"1250\" class=\"elementor elementor-1250\">\n\t\t\t\t\t\t<section class=\"elementor-section elementor-top-section elementor-element elementor-element-e8f4065 elementor-section-boxed elementor-section-height-default elementor-section-height-default\" data-id=\"e8f4065\" data-element_type=\"section\">\n\t\t\t\t\t\t<div class=\"elementor-container elementor-column-gap-default\">\n\t\t\t\t\t<div class=\"elementor-column elementor-col-100 elementor-top-column elementor-element elementor-element-d4b029e\" data-id=\"d4b029e\" data-element_type=\"column\">\n\t\t\t<div class=\"elementor-widget-wrap elementor-element-populated\">\n\t\t\t\t\t\t<div class=\"elementor-element elementor-element-1a95e86 elementor-widget elementor-widget-text-editor\" data-id=\"1a95e86\" data-element_type=\"widget\" data-widget_type=\"text-editor.default\">\n\t\t\t\t<div class=\"elementor-widget-container\">\n\t\t\t\t\t\t\t\t\t<p style=\"text-align: center;\"><span style=\"color: #ff0000;\"><strong><u>OG\u0141OSZENIE<\/u><\/strong><\/span><\/p><p>W\u00f3jt Gminy \u0141\u0105czna oraz Gminny O\u015brodek Pomocy Spo\u0142ecznej w \u0141\u0105cznej informuje, i\u017c osoby zainteresowane uzyskaniem pomocy \u017cywno\u015bciowej realizowanej w ramach Programu Fundusze Europejskie na Pomoc \u017bywno\u015bciow\u0105 2021-2027 wsp\u00f3\u0142finansowanego z Europejskiego Funduszu Spo\u0142ecznego Plus \u2013 Podprogram 2023\u00a0 mog\u0105 zg\u0142asza\u0107 si\u0119 do siedziby<strong> Gminnego O\u015brodka Pomocy Spo\u0142ecznej w \u0141\u0105cznej (Kamionki 60, tel.: 41 25-48-479),<\/strong> wraz z dokumentami potwierdzaj\u0105cymi dochody z miesi\u0105ca poprzedzaj\u0105cego zg\u0142oszenie oraz informacj\u0105 o posiadanym gospodarstwie rolnym, <strong>celem uzyskania skierowania.<\/strong><\/p><p><strong><u>\u00a0<\/u><\/strong><\/p><p><strong>\u00a0<\/strong><\/p><p><strong>KWOTA KRYTERIUM DOCHODOWEGO UPRAWNIAJ\u0104CEGO DO SKORZYSTANIA Z W\/W POMOCY WYNOSI:<\/strong><\/p><ul><li><strong>2056,40 z\u0142 dla osoby samotnie gospodaruj\u0105cej<\/strong><\/li><li><strong>1590,00 z\u0142 na osob\u0119 w rodzinie<\/strong><\/li><\/ul>\t\t\t\t\t\t\t\t<\/div>\n\t\t\t\t<\/div>\n\t\t\t\t\t<\/div>\n\t\t<\/div>\n\t\t\t\t\t<\/div>\n\t\t<\/section>\n\t\t\t\t<\/div>\n\t\t","protected":false},"excerpt":{"rendered":"<p>OG\u0141OSZENIE W\u00f3jt Gminy \u0141\u0105czna oraz Gminny O\u015brodek Pomocy Spo\u0142ecznej w \u0141\u0105cznej informuje, i\u017c osoby zainteresowane uzyskaniem pomocy \u017cywno\u015bciowej realizowanej w ramach Programu Fundusze Europejskie na Pomoc \u017bywno\u015bciow\u0105 2021-2027 wsp\u00f3\u0142finansowanego z Europejskiego Funduszu Spo\u0142ecznego Plus \u2013 Podprogram 2023&nbsp; mog\u0105 zg\u0142asza\u0107 si\u0119 do siedziby Gminnego O\u015brodka Pomocy Spo\u0142ecznej w \u0141\u0105cznej (Kamionki 60, tel.: 41 25-48-479), wraz z &hellip; <\/p>\n","protected":false},"author":2,"featured_media":1330,"comment_status":"closed","ping_status":"closed","sticky":false,"template":"","format":"standard","meta":{"footnotes":""},"categories":[2],"tags":[],"class_list":["post-1250","post","type-post","status-publish","format-standard","has-post-thumbnail","hentry","category-aktualnosci"],"_links":{"self":[{"href":"https:\/\/opslaczna.pl\/index.php?rest_route=\/wp\/v2\/posts\/1250","targetHints":{"allow":["GET"]}}],"collection":[{"href":"https:\/\/opslaczna.pl\/index.php?rest_route=\/wp\/v2\/posts"}],"about":[{"href":"https:\/\/opslaczna.pl\/index.php?rest_route=\/wp\/v2\/types\/post"}],"author":[{"embeddable":true,"href":"https:\/\/opslaczna.pl\/index.php?rest_route=\/wp\/v2\/users\/2"}],"replies":[{"embeddable":true,"href":"https:\/\/opslaczna.pl\/index.php?rest_route=%2Fwp%2Fv2%2Fcomments&post=1250"}],"version-history":[{"count":5,"href":"https:\/\/opslaczna.pl\/index.php?rest_route=\/wp\/v2\/posts\/1250\/revisions"}],"predecessor-version":[{"id":1342,"href":"https:\/\/opslaczna.pl\/index.php?rest_route=\/wp\/v2\/posts\/1250\/revisions\/1342"}],"wp:featuredmedia":[{"embeddable":true,"href":"https:\/\/opslaczna.pl\/index.php?rest_route=\/wp\/v2\/media\/1330"}],"wp:attachment":[{"href":"https:\/\/opslaczna.pl\/index.php?rest_route=%2Fwp%2Fv2%2Fmedia&parent=1250"}],"wp:term":[{"taxonomy":"category","embeddable":true,"href":"https:\/\/opslaczna.pl\/index.php?rest_route=%2Fwp%2Fv2%2Fcategories&post=1250"},{"taxonomy":"post_tag","embeddable":true,"href":"https:\/\/opslaczna.pl\/index.php?rest_route=%2Fwp%2Fv2%2Ftags&post=1250"}],"curies":[{"name":"wp","href":"https:\/\/api.w.org\/{rel}","templated":true}]}}