{"id":1206,"date":"2024-04-12T08:49:05","date_gmt":"2024-04-12T08:49:05","guid":{"rendered":"http:\/\/laczna2.opslaczna.pl\/?p=1206"},"modified":"2024-04-12T08:50:45","modified_gmt":"2024-04-12T08:50:45","slug":"informacja-13","status":"publish","type":"post","link":"https:\/\/opslaczna.pl\/?p=1206","title":{"rendered":"Informacja"},"content":{"rendered":"\t\t<div data-elementor-type=\"wp-post\" data-elementor-id=\"1206\" class=\"elementor elementor-1206\">\n\t\t\t\t\t\t<section class=\"elementor-section elementor-top-section elementor-element elementor-element-0fed157 elementor-section-boxed elementor-section-height-default elementor-section-height-default\" data-id=\"0fed157\" data-element_type=\"section\">\n\t\t\t\t\t\t<div class=\"elementor-container elementor-column-gap-default\">\n\t\t\t\t\t<div class=\"elementor-column elementor-col-100 elementor-top-column elementor-element elementor-element-7c4bb82\" data-id=\"7c4bb82\" data-element_type=\"column\">\n\t\t\t<div class=\"elementor-widget-wrap elementor-element-populated\">\n\t\t\t\t\t\t<div class=\"elementor-element elementor-element-a9a78d2 elementor-widget elementor-widget-text-editor\" data-id=\"a9a78d2\" data-element_type=\"widget\" data-widget_type=\"text-editor.default\">\n\t\t\t\t<div class=\"elementor-widget-container\">\n\t\t\t\t\t\t\t\t\t<p style=\"text-align: center;\"><span style=\"color: #ff0000;\"><strong>Informacja dla mieszka\u0144c\u00f3w Gminy \u0141\u0105czna dotycz\u0105ca dodatku os\u0142onowego.<\/strong><\/span><\/p><p><strong>\u00a0<\/strong><\/p><p><strong>\u00a0\u00a0\u00a0\u00a0\u00a0\u00a0\u00a0\u00a0\u00a0\u00a0\u00a0\u00a0\u00a0\u00a0\u00a0 Gminny O\u015brodek Pomocy Spo\u0142ecznej w \u0141\u0105cznej przypomina, \u017ce w dniu: <span style=\"color: #ff0000;\">30 kwietnia 2024r.\u00a0<\/span> ko\u0144czy si\u0119 termin sk\u0142adania wniosk\u00f3w<\/strong><\/p><p><strong>o przyznanie dodatku\u00a0 os\u0142onowego.<\/strong><\/p><p><strong>Osoby, kt\u00f3re nie z\u0142o\u017cy\u0142y wniosk\u00f3w a s\u0105 zainteresowane otrzymaniem tego \u015bwiadczenia, powinny z\u0142o\u017cy\u0107 go w podanym terminie.<\/strong><\/p><p><strong><u>Wnioski z\u0142o\u017cone po 30 kwietnia 2024r. nie b\u0119d\u0105 mog\u0142y by\u0107 rozpatrzone.<\/u><\/strong><\/p><p><strong>Dodatek os\u0142onowy przys\u0142uguje:<\/strong><\/p><p>1) osobie w gospodarstwie domowym jednoosobowym, w kt\u00f3rym wysoko\u015b\u0107 przeci\u0119tnego miesi\u0119cznego dochodu nie przekracza kwoty<strong> 2100 z\u0142,<\/strong><\/p><p>2) osobie w gospodarstwie domowym wieloosobowym, w kt\u00f3rym wysoko\u015b\u0107 przeci\u0119tnego miesi\u0119cznego dochodu nie przekracza kwoty <strong>1500 <\/strong>z\u0142 na osob\u0119.<\/p><p>Procedura post\u0119powania o przyznanie dodatku os\u0142onowego.<\/p><p>Aby ustali\u0107 sytuacj\u0119 dochodow\u0105 Twojego gospodarstwa domowego podstaw\u0105 obliczenia dochodu gospodarstwa domowego b\u0119dzie rok 2022.<\/p><p>W sytuacji gdy doch\u00f3d przekracza wskazane powy\u017cej kryteria, dodatek b\u0119dzie przyznany w mniejszej wysoko\u015bci zgodnie z zasad\u0105 \u201ez\u0142ot\u00f3wka za z\u0142ot\u00f3wk\u0119\u201d, z dolnym limitem wyp\u0142aty dodatku w wysoko\u015bci 20 z\u0142.<\/p><p>Dodatek os\u0142onowy w 2024 r. wynosi:<\/p><p>\u2013 <strong>228,80<\/strong> z\u0142\u00a0dla gospodarstwa domowego jednoosobowego,<\/p><p>\u2013 <strong>343,20<\/strong> z\u0142 dla gospodarstwa domowego sk\u0142adaj\u0105cego si\u0119 z 2 do 3 os\u00f3b,<\/p><p>\u2013\u00a0<strong>486,20<\/strong> z\u0142\u00a0dla gospodarstwa domowego sk\u0142adaj\u0105cego si\u0119 z 4 do 5 os\u00f3b,<\/p><p>\u2013 <strong>657,80<\/strong> z\u0142\u00a0dla gospodarstwa domowego sk\u0142adaj\u0105cego si\u0119 z co najmniej 6 os\u00f3b,<\/p><p>Pieni\u0105dze z dodatku mo\u017cna wyda\u0107 na dowolny cel. Nie ma \u017cadnego ustawowego celu ich spo\u017cytkowania.<\/p><p>Przepisy przewiduj\u0105 tak\u017ce podwy\u017cszony dodatek os\u0142onowy przys\u0142uguj\u0105cy osobom opalaj\u0105cym domy w\u0119glem:<\/p><p>\u2013 <strong>286,00<\/strong> z\u0142 dla gospodarstwa domowego jednoosobowego<\/p><p>\u2013 <strong>429,00 <\/strong>z\u0142\u00a0dla gospodarstwa domowego sk\u0142adaj\u0105cego si\u0119 z 2 do 3 os\u00f3b<\/p><p>\u2013 <strong>607,75<\/strong> z\u0142\u00a0dla gospodarstwa domowego sk\u0142adaj\u0105cego si\u0119 z 4 do 5 os\u00f3b<\/p><p>\u2013 <strong>822,25<\/strong> z\u0142\u00a0dla gospodarstwa domowego sk\u0142adaj\u0105cego si\u0119 z co najmniej 6 os\u00f3b<\/p><p>Dodatek os\u0142onowy ma by\u0107 wyp\u0142acany jednorazowo w terminie do dnia <strong>30 czerwca 2024 r.<\/strong><\/p><p>Nieodebranie informacji o przyznaniu dodatku os\u0142onowego nie wstrzymuje wyp\u0142aty tego dodatku.<br \/>Informacje przedstawione we wniosku o wyp\u0142at\u0119 dodatku os\u0142onowego sk\u0142ada si\u0119 pod rygorem odpowiedzialno\u015bci karnej za sk\u0142adanie fa\u0142szywych zezna\u0144.<\/p>\t\t\t\t\t\t\t\t<\/div>\n\t\t\t\t<\/div>\n\t\t\t\t\t<\/div>\n\t\t<\/div>\n\t\t\t\t\t<\/div>\n\t\t<\/section>\n\t\t\t\t<section class=\"elementor-section elementor-top-section elementor-element elementor-element-48131cc elementor-section-boxed elementor-section-height-default elementor-section-height-default\" data-id=\"48131cc\" data-element_type=\"section\">\n\t\t\t\t\t\t<div class=\"elementor-container elementor-column-gap-default\">\n\t\t\t\t\t<div class=\"elementor-column elementor-col-100 elementor-top-column elementor-element elementor-element-5bc893f\" data-id=\"5bc893f\" data-element_type=\"column\">\n\t\t\t<div class=\"elementor-widget-wrap elementor-element-populated\">\n\t\t\t\t\t\t<div class=\"elementor-element elementor-element-57243b3 elementor-align-center elementor-widget elementor-widget-button\" data-id=\"57243b3\" data-element_type=\"widget\" data-widget_type=\"button.default\">\n\t\t\t\t<div class=\"elementor-widget-container\">\n\t\t\t\t\t\t\t\t\t<div class=\"elementor-button-wrapper\">\n\t\t\t\t\t<a class=\"elementor-button elementor-button-link elementor-size-sm\" href=\"http:\/\/laczna2.opslaczna.pl\/wp-content\/uploads\/2024\/01\/wniosekdoatekweglowy.pdf\">\n\t\t\t\t\t\t<span class=\"elementor-button-content-wrapper\">\n\t\t\t\t\t\t\t\t\t<span class=\"elementor-button-text\">Pobierz wniosek - pdf<\/span>\n\t\t\t\t\t<\/span>\n\t\t\t\t\t<\/a>\n\t\t\t\t<\/div>\n\t\t\t\t\t\t\t\t<\/div>\n\t\t\t\t<\/div>\n\t\t\t\t\t<\/div>\n\t\t<\/div>\n\t\t\t\t\t<\/div>\n\t\t<\/section>\n\t\t\t\t<\/div>\n\t\t","protected":false},"excerpt":{"rendered":"<p>Informacja dla mieszka\u0144c\u00f3w Gminy \u0141\u0105czna dotycz\u0105ca dodatku os\u0142onowego. \u00a0 \u00a0\u00a0\u00a0\u00a0\u00a0\u00a0\u00a0\u00a0\u00a0\u00a0\u00a0\u00a0\u00a0\u00a0\u00a0 Gminny O\u015brodek Pomocy Spo\u0142ecznej w \u0141\u0105cznej przypomina, \u017ce w dniu: 30 kwietnia 2024r.\u00a0 ko\u0144czy si\u0119 termin sk\u0142adania wniosk\u00f3w o przyznanie dodatku\u00a0 os\u0142onowego. Osoby, kt\u00f3re nie z\u0142o\u017cy\u0142y wniosk\u00f3w a s\u0105 zainteresowane otrzymaniem tego \u015bwiadczenia, powinny z\u0142o\u017cy\u0107 go w podanym terminie. Wnioski z\u0142o\u017cone po 30 kwietnia 2024r. &hellip; <\/p>\n","protected":false},"author":2,"featured_media":0,"comment_status":"closed","ping_status":"closed","sticky":false,"template":"","format":"standard","meta":{"footnotes":""},"categories":[2],"tags":[],"class_list":["post-1206","post","type-post","status-publish","format-standard","hentry","category-aktualnosci"],"_links":{"self":[{"href":"https:\/\/opslaczna.pl\/index.php?rest_route=\/wp\/v2\/posts\/1206","targetHints":{"allow":["GET"]}}],"collection":[{"href":"https:\/\/opslaczna.pl\/index.php?rest_route=\/wp\/v2\/posts"}],"about":[{"href":"https:\/\/opslaczna.pl\/index.php?rest_route=\/wp\/v2\/types\/post"}],"author":[{"embeddable":true,"href":"https:\/\/opslaczna.pl\/index.php?rest_route=\/wp\/v2\/users\/2"}],"replies":[{"embeddable":true,"href":"https:\/\/opslaczna.pl\/index.php?rest_route=%2Fwp%2Fv2%2Fcomments&post=1206"}],"version-history":[{"count":4,"href":"https:\/\/opslaczna.pl\/index.php?rest_route=\/wp\/v2\/posts\/1206\/revisions"}],"predecessor-version":[{"id":1210,"href":"https:\/\/opslaczna.pl\/index.php?rest_route=\/wp\/v2\/posts\/1206\/revisions\/1210"}],"wp:attachment":[{"href":"https:\/\/opslaczna.pl\/index.php?rest_route=%2Fwp%2Fv2%2Fmedia&parent=1206"}],"wp:term":[{"taxonomy":"category","embeddable":true,"href":"https:\/\/opslaczna.pl\/index.php?rest_route=%2Fwp%2Fv2%2Fcategories&post=1206"},{"taxonomy":"post_tag","embeddable":true,"href":"https:\/\/opslaczna.pl\/index.php?rest_route=%2Fwp%2Fv2%2Ftags&post=1206"}],"curies":[{"name":"wp","href":"https:\/\/api.w.org\/{rel}","templated":true}]}}