{"id":1182,"date":"2024-03-06T11:43:15","date_gmt":"2024-03-06T11:43:15","guid":{"rendered":"http:\/\/laczna2.opslaczna.pl\/?p=1182"},"modified":"2024-10-03T12:21:31","modified_gmt":"2024-10-03T12:21:31","slug":"diagnoza-zjawiska-przemocy-domowej-na-terenie-gminy-laczna","status":"publish","type":"post","link":"https:\/\/opslaczna.pl\/?p=1182","title":{"rendered":"Diagnoza zjawiska przemocy domowej na terenie Gminy \u0141\u0105czna"},"content":{"rendered":"\t\t<div data-elementor-type=\"wp-post\" data-elementor-id=\"1182\" class=\"elementor elementor-1182\">\n\t\t\t\t\t\t<section class=\"elementor-section elementor-top-section elementor-element elementor-element-092351e elementor-section-boxed elementor-section-height-default elementor-section-height-default\" data-id=\"092351e\" data-element_type=\"section\">\n\t\t\t\t\t\t<div class=\"elementor-container elementor-column-gap-default\">\n\t\t\t\t\t<div class=\"elementor-column elementor-col-100 elementor-top-column elementor-element elementor-element-d0688a3\" data-id=\"d0688a3\" data-element_type=\"column\">\n\t\t\t<div class=\"elementor-widget-wrap elementor-element-populated\">\n\t\t\t\t\t\t<div class=\"elementor-element elementor-element-b1a478f elementor-widget elementor-widget-image\" data-id=\"b1a478f\" data-element_type=\"widget\" data-widget_type=\"image.default\">\n\t\t\t\t<div class=\"elementor-widget-container\">\n\t\t\t\t\t\t\t\t\t\t\t\t\t\t\t<img fetchpriority=\"high\" decoding=\"async\" width=\"780\" height=\"229\" src=\"https:\/\/opslaczna.pl\/wp-content\/uploads\/2024\/03\/diagnoza.jpg\" class=\"attachment-large size-large wp-image-1184\" alt=\"\" srcset=\"https:\/\/opslaczna.pl\/wp-content\/uploads\/2024\/03\/diagnoza.jpg 892w, https:\/\/opslaczna.pl\/wp-content\/uploads\/2024\/03\/diagnoza-300x88.jpg 300w, https:\/\/opslaczna.pl\/wp-content\/uploads\/2024\/03\/diagnoza-768x226.jpg 768w\" sizes=\"(max-width: 780px) 100vw, 780px\" \/>\t\t\t\t\t\t\t\t\t\t\t\t\t\t\t<\/div>\n\t\t\t\t<\/div>\n\t\t\t\t\t<\/div>\n\t\t<\/div>\n\t\t\t\t\t<\/div>\n\t\t<\/section>\n\t\t\t\t<section class=\"elementor-section elementor-top-section elementor-element elementor-element-b725194 elementor-section-boxed elementor-section-height-default elementor-section-height-default\" data-id=\"b725194\" data-element_type=\"section\">\n\t\t\t\t\t\t<div class=\"elementor-container elementor-column-gap-default\">\n\t\t\t\t\t<div class=\"elementor-column elementor-col-100 elementor-top-column elementor-element elementor-element-65a96b2\" data-id=\"65a96b2\" data-element_type=\"column\">\n\t\t\t<div class=\"elementor-widget-wrap elementor-element-populated\">\n\t\t\t\t\t\t<div class=\"elementor-element elementor-element-516c7fa elementor-widget elementor-widget-text-editor\" data-id=\"516c7fa\" data-element_type=\"widget\" data-widget_type=\"text-editor.default\">\n\t\t\t\t<div class=\"elementor-widget-container\">\n\t\t\t\t\t\t\t\t\t<p><strong>Szanowni Pa\u0144stwo!<\/strong><\/p><p>Zesp\u00f3\u0142 Interdyscyplinarny zwraca si\u0119 do Was z pro\u015bb\u0105 o udzia\u0142 w badaniu na temat przemocy domowej. Organizacja tych bada\u0144 zapewnia wszystkim uczestnikom anonimowo\u015b\u0107 i gwarancj\u0119 poufno\u015bci uzyskanych wypowiedzi. Prosimy o szczere wypowiedzi i przemy\u015blane opinie. Lepiej odm\u00f3wi\u0107 odpowiedzi na jakie\u015b trudne pytanie ni\u017c podawa\u0107 nam nieprawdziwe stwierdzenia. Prosimy o zaanga\u017cowanie kilku minut swojego czasu i indywidualne wype\u0142nienie tej ankiety. Pozyskane w badaniach dane statystyczne b\u0119d\u0105 wykorzystane do analiz oraz b\u0119d\u0105 stanowi\u0142y podstaw\u0119 do opracowania Gminnego Programu Przeciwdzia\u0142ania Przemocy Domowej w Gminie \u0141\u0105czna na lata 2024-2030.<\/p><p>Dzi\u0119kujemy<\/p><p>Link do ankiety:<\/p><p><a href=\"https:\/\/forms.office.com\/e\/gdV2Kk62Pd\">https:\/\/forms.office.com\/e\/gdV2Kk62Pd<\/a><\/p>\t\t\t\t\t\t\t\t<\/div>\n\t\t\t\t<\/div>\n\t\t\t\t\t<\/div>\n\t\t<\/div>\n\t\t\t\t\t<\/div>\n\t\t<\/section>\n\t\t\t\t<\/div>\n\t\t","protected":false},"excerpt":{"rendered":"<p>Szanowni Pa\u0144stwo! Zesp\u00f3\u0142 Interdyscyplinarny zwraca si\u0119 do Was z pro\u015bb\u0105 o udzia\u0142 w badaniu na temat przemocy domowej. Organizacja tych bada\u0144 zapewnia wszystkim uczestnikom anonimowo\u015b\u0107 i gwarancj\u0119 poufno\u015bci uzyskanych wypowiedzi. Prosimy o szczere wypowiedzi i przemy\u015blane opinie. Lepiej odm\u00f3wi\u0107 odpowiedzi na jakie\u015b trudne pytanie ni\u017c podawa\u0107 nam nieprawdziwe stwierdzenia. Prosimy o zaanga\u017cowanie kilku minut swojego &hellip; <\/p>\n","protected":false},"author":2,"featured_media":1330,"comment_status":"closed","ping_status":"closed","sticky":false,"template":"","format":"standard","meta":{"footnotes":""},"categories":[2],"tags":[],"class_list":["post-1182","post","type-post","status-publish","format-standard","has-post-thumbnail","hentry","category-aktualnosci"],"_links":{"self":[{"href":"https:\/\/opslaczna.pl\/index.php?rest_route=\/wp\/v2\/posts\/1182","targetHints":{"allow":["GET"]}}],"collection":[{"href":"https:\/\/opslaczna.pl\/index.php?rest_route=\/wp\/v2\/posts"}],"about":[{"href":"https:\/\/opslaczna.pl\/index.php?rest_route=\/wp\/v2\/types\/post"}],"author":[{"embeddable":true,"href":"https:\/\/opslaczna.pl\/index.php?rest_route=\/wp\/v2\/users\/2"}],"replies":[{"embeddable":true,"href":"https:\/\/opslaczna.pl\/index.php?rest_route=%2Fwp%2Fv2%2Fcomments&post=1182"}],"version-history":[{"count":8,"href":"https:\/\/opslaczna.pl\/index.php?rest_route=\/wp\/v2\/posts\/1182\/revisions"}],"predecessor-version":[{"id":1352,"href":"https:\/\/opslaczna.pl\/index.php?rest_route=\/wp\/v2\/posts\/1182\/revisions\/1352"}],"wp:featuredmedia":[{"embeddable":true,"href":"https:\/\/opslaczna.pl\/index.php?rest_route=\/wp\/v2\/media\/1330"}],"wp:attachment":[{"href":"https:\/\/opslaczna.pl\/index.php?rest_route=%2Fwp%2Fv2%2Fmedia&parent=1182"}],"wp:term":[{"taxonomy":"category","embeddable":true,"href":"https:\/\/opslaczna.pl\/index.php?rest_route=%2Fwp%2Fv2%2Fcategories&post=1182"},{"taxonomy":"post_tag","embeddable":true,"href":"https:\/\/opslaczna.pl\/index.php?rest_route=%2Fwp%2Fv2%2Ftags&post=1182"}],"curies":[{"name":"wp","href":"https:\/\/api.w.org\/{rel}","templated":true}]}}