{"id":1170,"date":"2024-02-28T10:35:15","date_gmt":"2024-02-28T10:35:15","guid":{"rendered":"http:\/\/laczna2.opslaczna.pl\/?p=1170"},"modified":"2025-01-24T12:10:57","modified_gmt":"2025-01-24T12:10:57","slug":"asystent-osobisty-osoby-z-niepelnosprawnoscia-edycja-2024","status":"publish","type":"post","link":"https:\/\/opslaczna.pl\/?p=1170","title":{"rendered":"\u201eAsystent osobisty osoby z niepe\u0142nosprawno\u015bci\u0105\u201d edycja 2024"},"content":{"rendered":"\t\t<div data-elementor-type=\"wp-post\" data-elementor-id=\"1170\" class=\"elementor elementor-1170\">\n\t\t\t\t\t\t<section class=\"elementor-section elementor-top-section elementor-element elementor-element-67b0ca5 elementor-section-boxed elementor-section-height-default elementor-section-height-default\" data-id=\"67b0ca5\" data-element_type=\"section\">\n\t\t\t\t\t\t<div class=\"elementor-container elementor-column-gap-default\">\n\t\t\t\t\t<div class=\"elementor-column elementor-col-100 elementor-top-column elementor-element elementor-element-66bd220\" data-id=\"66bd220\" data-element_type=\"column\">\n\t\t\t<div class=\"elementor-widget-wrap elementor-element-populated\">\n\t\t\t\t\t\t<div class=\"elementor-element elementor-element-9606fe7 elementor-widget elementor-widget-text-editor\" data-id=\"9606fe7\" data-element_type=\"widget\" data-widget_type=\"text-editor.default\">\n\t\t\t\t<div class=\"elementor-widget-container\">\n\t\t\t\t\t\t\t\t\t<p class=\"Textbody\">Gminny O\u015brodek Pomocy Spo\u0142ecznej w \u0141\u0105cznej informuje, \u017ce realizuje\u00a0<span class=\"StrongEmphasis\">Program <strong>\u201eAsystent osobisty osoby z niepe\u0142nosprawno\u015bci\u0105\u201d dla Jednostek Samorz\u0105du Terytorialnego \u2013 edycja 2024<\/strong>\u00a0<\/span>w ramach Solidarno\u015bciowego Funduszu Wsparcia Os\u00f3b Niepe\u0142nosprawnych.<\/p><p class=\"Textbody\">Program \u201eAsystent osobisty osoby z niepe\u0142nosprawno\u015bci\u0105 \u201e dla Jednostek Samorz\u0105du Terytorialnego \u2013 edycja 2024 ma na celu zapewnienie dost\u0119pno\u015bci us\u0142ug asystencji osobistej, tj. wsparcia w wykonywaniu codziennych czynno\u015bci oraz funkcjonowaniu w \u017cyciu spo\u0142ecznym os\u00f3b niepe\u0142nosprawnych.<\/p>\t\t\t\t\t\t\t\t<\/div>\n\t\t\t\t<\/div>\n\t\t\t\t\t<\/div>\n\t\t<\/div>\n\t\t\t\t\t<\/div>\n\t\t<\/section>\n\t\t\t\t<section class=\"elementor-section elementor-top-section elementor-element elementor-element-bfefda9 elementor-section-boxed elementor-section-height-default elementor-section-height-default\" data-id=\"bfefda9\" data-element_type=\"section\">\n\t\t\t\t\t\t<div class=\"elementor-container elementor-column-gap-default\">\n\t\t\t\t\t<div class=\"elementor-column elementor-col-100 elementor-top-column elementor-element elementor-element-9fbe14c\" data-id=\"9fbe14c\" data-element_type=\"column\">\n\t\t\t<div class=\"elementor-widget-wrap elementor-element-populated\">\n\t\t\t\t\t\t<div class=\"elementor-element elementor-element-0f41c8a elementor-widget elementor-widget-image\" data-id=\"0f41c8a\" data-element_type=\"widget\" data-widget_type=\"image.default\">\n\t\t\t\t<div class=\"elementor-widget-container\">\n\t\t\t\t\t\t\t\t\t\t\t\t\t\t\t<img fetchpriority=\"high\" decoding=\"async\" width=\"780\" height=\"138\" src=\"https:\/\/opslaczna.pl\/wp-content\/uploads\/2024\/02\/aon.png\" class=\"attachment-large size-large wp-image-1172\" alt=\"\" srcset=\"https:\/\/opslaczna.pl\/wp-content\/uploads\/2024\/02\/aon.png 801w, https:\/\/opslaczna.pl\/wp-content\/uploads\/2024\/02\/aon-300x53.png 300w, https:\/\/opslaczna.pl\/wp-content\/uploads\/2024\/02\/aon-768x136.png 768w\" sizes=\"(max-width: 780px) 100vw, 780px\" \/>\t\t\t\t\t\t\t\t\t\t\t\t\t\t\t<\/div>\n\t\t\t\t<\/div>\n\t\t\t\t\t<\/div>\n\t\t<\/div>\n\t\t\t\t\t<\/div>\n\t\t<\/section>\n\t\t\t\t<section class=\"elementor-section elementor-top-section elementor-element elementor-element-3d02607 elementor-section-boxed elementor-section-height-default elementor-section-height-default\" data-id=\"3d02607\" data-element_type=\"section\">\n\t\t\t\t\t\t<div class=\"elementor-container elementor-column-gap-default\">\n\t\t\t\t\t<div class=\"elementor-column elementor-col-100 elementor-top-column elementor-element elementor-element-6388c81\" data-id=\"6388c81\" data-element_type=\"column\">\n\t\t\t<div class=\"elementor-widget-wrap elementor-element-populated\">\n\t\t\t\t\t\t<div class=\"elementor-element elementor-element-673317f elementor-widget elementor-widget-text-editor\" data-id=\"673317f\" data-element_type=\"widget\" data-widget_type=\"text-editor.default\">\n\t\t\t\t<div class=\"elementor-widget-container\">\n\t\t\t\t\t\t\t\t\t<p class=\"Textbody\"><strong><span class=\"StrongEmphasis\">DOFINANSOWANO ZE \u015aRODK\u00d3W FUNDUSZU SOLIDARNO\u015aCIOWEGO<\/span><\/strong><\/p><p class=\"Textbody\">Program &#8222;Asystent osobisty osoby z niepe\u0142nosprawno\u015bci\u0105&#8221; dla Jednostek Samorz\u0105du Terytorialnego &#8211; edycja 2024.<\/p><p class=\"Textbody\">Dofinansowanie:<strong><span class=\"StrongEmphasis\"> 144.299,00 z\u0142<\/span><\/strong><\/p><p class=\"Textbody\">Ca\u0142kowity koszt: <strong><span class=\"StrongEmphasis\">144,299,00 z\u0142<\/span><\/strong><\/p><p class=\"Textbody\">Data podpisania umowy: <strong><span class=\"StrongEmphasis\">luty 2024<\/span><\/strong><\/p>\t\t\t\t\t\t\t\t<\/div>\n\t\t\t\t<\/div>\n\t\t\t\t\t<\/div>\n\t\t<\/div>\n\t\t\t\t\t<\/div>\n\t\t<\/section>\n\t\t\t\t<\/div>\n\t\t","protected":false},"excerpt":{"rendered":"<p>Gminny O\u015brodek Pomocy Spo\u0142ecznej w \u0141\u0105cznej informuje, \u017ce realizuje\u00a0Program \u201eAsystent osobisty osoby z niepe\u0142nosprawno\u015bci\u0105\u201d dla Jednostek Samorz\u0105du Terytorialnego \u2013 edycja 2024\u00a0w ramach Solidarno\u015bciowego Funduszu Wsparcia Os\u00f3b Niepe\u0142nosprawnych. Program \u201eAsystent osobisty osoby z niepe\u0142nosprawno\u015bci\u0105 \u201e dla Jednostek Samorz\u0105du Terytorialnego \u2013 edycja 2024 ma na celu zapewnienie dost\u0119pno\u015bci us\u0142ug asystencji osobistej, tj. wsparcia w wykonywaniu codziennych czynno\u015bci &hellip; <\/p>\n","protected":false},"author":2,"featured_media":1330,"comment_status":"closed","ping_status":"closed","sticky":false,"template":"","format":"standard","meta":{"footnotes":""},"categories":[2],"tags":[],"class_list":["post-1170","post","type-post","status-publish","format-standard","has-post-thumbnail","hentry","category-aktualnosci"],"_links":{"self":[{"href":"https:\/\/opslaczna.pl\/index.php?rest_route=\/wp\/v2\/posts\/1170","targetHints":{"allow":["GET"]}}],"collection":[{"href":"https:\/\/opslaczna.pl\/index.php?rest_route=\/wp\/v2\/posts"}],"about":[{"href":"https:\/\/opslaczna.pl\/index.php?rest_route=\/wp\/v2\/types\/post"}],"author":[{"embeddable":true,"href":"https:\/\/opslaczna.pl\/index.php?rest_route=\/wp\/v2\/users\/2"}],"replies":[{"embeddable":true,"href":"https:\/\/opslaczna.pl\/index.php?rest_route=%2Fwp%2Fv2%2Fcomments&post=1170"}],"version-history":[{"count":11,"href":"https:\/\/opslaczna.pl\/index.php?rest_route=\/wp\/v2\/posts\/1170\/revisions"}],"predecessor-version":[{"id":1461,"href":"https:\/\/opslaczna.pl\/index.php?rest_route=\/wp\/v2\/posts\/1170\/revisions\/1461"}],"wp:featuredmedia":[{"embeddable":true,"href":"https:\/\/opslaczna.pl\/index.php?rest_route=\/wp\/v2\/media\/1330"}],"wp:attachment":[{"href":"https:\/\/opslaczna.pl\/index.php?rest_route=%2Fwp%2Fv2%2Fmedia&parent=1170"}],"wp:term":[{"taxonomy":"category","embeddable":true,"href":"https:\/\/opslaczna.pl\/index.php?rest_route=%2Fwp%2Fv2%2Fcategories&post=1170"},{"taxonomy":"post_tag","embeddable":true,"href":"https:\/\/opslaczna.pl\/index.php?rest_route=%2Fwp%2Fv2%2Ftags&post=1170"}],"curies":[{"name":"wp","href":"https:\/\/api.w.org\/{rel}","templated":true}]}}