{"id":111,"date":"2021-03-05T12:52:48","date_gmt":"2021-03-05T12:52:48","guid":{"rendered":"http:\/\/laczna2.opslaczna.pl\/?p=111"},"modified":"2021-03-05T12:52:48","modified_gmt":"2021-03-05T12:52:48","slug":"harmonogram-wydawania-zywnosci","status":"publish","type":"post","link":"https:\/\/opslaczna.pl\/?p=111","title":{"rendered":"Harmonogram wydawania \u017cywno\u015bci"},"content":{"rendered":"\n<p>W\u00f3jt Gminy \u0141\u0105czna, Gminny O\u015brodek Pomocy Spo\u0142ecznej w \u0141\u0105cznej oraz Polski Komitet Pomocy Spo\u0142ecznej w \u0141\u0105cznej informuje, i\u017c wydawanie \u017cywno\u015bci osobom, kt\u00f3re uzyska\u0142y skierowanie odb\u0119dzie si\u0119 wg nast\u0119puj\u0105cego harmonogramu:<\/p>\n\n\n\n<p><strong>wtorek (9 marca 2021r.):<\/strong><\/p>\n\n\n\n<ul class=\"wp-block-list\"><li>8:00 &#8211; 10:00 Pod\u0142azie, Podzagna\u0144szcze<\/li><li>10:00 &#8211; 12:00 Zalezianka, Wyst\u0119pa<\/li><li>12:00 &#8211; 14:00 Czerwona G\u00f3rka, J\u0119grzna<\/li><\/ul>\n\n\n\n<p><strong>czwartek (11 marca 2021r.)<\/strong><\/p>\n\n\n\n<ul class=\"wp-block-list\"><li>8:00 &#8211; 10:00 \u0141\u0105czna, Stawik, Ose\u0142k\u00f3w, Ja\u015ble<\/li><li>10:00 &#8211; 12:00 G\u00f3zd, Klon\u00f3w<\/li><li>12:00 &#8211; 14:00 Zaskale, Zag\u00f3rze, Kamionki<\/li><\/ul>\n\n\n\n<p><\/p>\n\n\n\n<p><strong>Wydawanie \u017cywno\u015bci odb\u0119dzie si\u0119 w re\u017cimie sanitarnym. Stoj\u0105c w kolejce prosimy zachowa\u0107 bezpieczn\u0105 odleg\u0142o\u015b\u0107 oraz przestrzega\u0107 obowi\u0105zku noszenia maseczek.<\/strong><\/p>\n","protected":false},"excerpt":{"rendered":"<p>W\u00f3jt Gminy \u0141\u0105czna, Gminny O\u015brodek Pomocy Spo\u0142ecznej w \u0141\u0105cznej oraz Polski Komitet Pomocy Spo\u0142ecznej w \u0141\u0105cznej informuje, i\u017c wydawanie \u017cywno\u015bci osobom, kt\u00f3re uzyska\u0142y skierowanie odb\u0119dzie si\u0119 wg nast\u0119puj\u0105cego harmonogramu: wtorek (9 marca 2021r.): 8:00 &#8211; 10:00 Pod\u0142azie, Podzagna\u0144szcze 10:00 &#8211; 12:00 Zalezianka, Wyst\u0119pa 12:00 &#8211; 14:00 Czerwona G\u00f3rka, J\u0119grzna czwartek (11 marca 2021r.) 8:00 &#8211; &hellip; <\/p>\n","protected":false},"author":2,"featured_media":0,"comment_status":"closed","ping_status":"","sticky":false,"template":"","format":"standard","meta":{"footnotes":""},"categories":[2],"tags":[],"class_list":["post-111","post","type-post","status-publish","format-standard","hentry","category-aktualnosci"],"_links":{"self":[{"href":"https:\/\/opslaczna.pl\/index.php?rest_route=\/wp\/v2\/posts\/111","targetHints":{"allow":["GET"]}}],"collection":[{"href":"https:\/\/opslaczna.pl\/index.php?rest_route=\/wp\/v2\/posts"}],"about":[{"href":"https:\/\/opslaczna.pl\/index.php?rest_route=\/wp\/v2\/types\/post"}],"author":[{"embeddable":true,"href":"https:\/\/opslaczna.pl\/index.php?rest_route=\/wp\/v2\/users\/2"}],"replies":[{"embeddable":true,"href":"https:\/\/opslaczna.pl\/index.php?rest_route=%2Fwp%2Fv2%2Fcomments&post=111"}],"version-history":[{"count":1,"href":"https:\/\/opslaczna.pl\/index.php?rest_route=\/wp\/v2\/posts\/111\/revisions"}],"predecessor-version":[{"id":112,"href":"https:\/\/opslaczna.pl\/index.php?rest_route=\/wp\/v2\/posts\/111\/revisions\/112"}],"wp:attachment":[{"href":"https:\/\/opslaczna.pl\/index.php?rest_route=%2Fwp%2Fv2%2Fmedia&parent=111"}],"wp:term":[{"taxonomy":"category","embeddable":true,"href":"https:\/\/opslaczna.pl\/index.php?rest_route=%2Fwp%2Fv2%2Fcategories&post=111"},{"taxonomy":"post_tag","embeddable":true,"href":"https:\/\/opslaczna.pl\/index.php?rest_route=%2Fwp%2Fv2%2Ftags&post=111"}],"curies":[{"name":"wp","href":"https:\/\/api.w.org\/{rel}","templated":true}]}}