{"id":1109,"date":"2023-12-21T09:34:05","date_gmt":"2023-12-21T09:34:05","guid":{"rendered":"http:\/\/laczna2.opslaczna.pl\/?p=1109"},"modified":"2023-12-21T09:37:48","modified_gmt":"2023-12-21T09:37:48","slug":"wigilia","status":"publish","type":"post","link":"https:\/\/opslaczna.pl\/?p=1109","title":{"rendered":"WIGILIA"},"content":{"rendered":"\t\t<div data-elementor-type=\"wp-post\" data-elementor-id=\"1109\" class=\"elementor elementor-1109\">\n\t\t\t\t\t\t<section class=\"elementor-section elementor-top-section elementor-element elementor-element-c674035 elementor-section-boxed elementor-section-height-default elementor-section-height-default\" data-id=\"c674035\" data-element_type=\"section\">\n\t\t\t\t\t\t<div class=\"elementor-container elementor-column-gap-default\">\n\t\t\t\t\t<div class=\"elementor-column elementor-col-100 elementor-top-column elementor-element elementor-element-6b385d7\" data-id=\"6b385d7\" data-element_type=\"column\">\n\t\t\t<div class=\"elementor-widget-wrap elementor-element-populated\">\n\t\t\t\t\t\t<div class=\"elementor-element elementor-element-338e3ab elementor-widget elementor-widget-image\" data-id=\"338e3ab\" data-element_type=\"widget\" data-widget_type=\"image.default\">\n\t\t\t\t<div class=\"elementor-widget-container\">\n\t\t\t\t\t\t\t\t\t\t\t\t\t\t\t<img fetchpriority=\"high\" decoding=\"async\" width=\"523\" height=\"216\" src=\"https:\/\/opslaczna.pl\/wp-content\/uploads\/2023\/12\/1.jpg\" class=\"attachment-large size-large wp-image-1111\" alt=\"\" srcset=\"https:\/\/opslaczna.pl\/wp-content\/uploads\/2023\/12\/1.jpg 523w, https:\/\/opslaczna.pl\/wp-content\/uploads\/2023\/12\/1-300x124.jpg 300w\" sizes=\"(max-width: 523px) 100vw, 523px\" \/>\t\t\t\t\t\t\t\t\t\t\t\t\t\t\t<\/div>\n\t\t\t\t<\/div>\n\t\t\t\t\t<\/div>\n\t\t<\/div>\n\t\t\t\t\t<\/div>\n\t\t<\/section>\n\t\t\t\t<section class=\"elementor-section elementor-top-section elementor-element elementor-element-ddda184 elementor-section-boxed elementor-section-height-default elementor-section-height-default\" data-id=\"ddda184\" data-element_type=\"section\">\n\t\t\t\t\t\t<div class=\"elementor-container elementor-column-gap-default\">\n\t\t\t\t\t<div class=\"elementor-column elementor-col-100 elementor-top-column elementor-element elementor-element-901fd05\" data-id=\"901fd05\" data-element_type=\"column\">\n\t\t\t<div class=\"elementor-widget-wrap elementor-element-populated\">\n\t\t\t\t\t\t<div class=\"elementor-element elementor-element-cf3a2ea elementor-widget elementor-widget-text-editor\" data-id=\"cf3a2ea\" data-element_type=\"widget\" data-widget_type=\"text-editor.default\">\n\t\t\t\t<div class=\"elementor-widget-container\">\n\t\t\t\t\t\t\t\t\t<p>\u00a0\u00a0\u00a0\u00a0\u00a0\u00a0\u00a0\u00a0\u00a0\u00a0\u00a0 W dniu 19.12.2023 roku w Gminnej Bibliotece publicznej w \u0141\u0105cznej odby\u0142o si\u0119 spotkanie wigilijne dla os\u00f3b samotnych i starszych z terenu Gminy \u0141\u0105czna. Organizatorami spotkania wigilijnego by\u0142 Gminny O\u015brodek Pomocy Spo\u0142ecznej w \u0141\u0105cznej oraz Gminna Biblioteka w \u0141\u0105cznej. <br \/>W spotkaniu wigilijnym uczestniczy\u0142y w\u0142adze Gminy,\u00a0 W\u00f3jt Gminy \u0141\u0105czna Pan Romuald Kowali\u0144ski, radni i so\u0142tysi, dzieci z Zespo\u0142u Szkolno-Przedszkolnego w \u0141\u0105cznej z nauczycielami <br \/>i Dyrektorem Szko\u0142y, Pani\u0105 Jolanta \u017baczek oraz Wikariusz Parafii \u0141\u0105czna ks. Piotr Roch, a przede wszystkim licznie zgromadzeni mieszka\u0144cy Gminy \u0141\u0105czna.<\/p><p>\u00a0\u00a0\u00a0\u00a0\u00a0\u00a0\u00a0\u00a0\u00a0\u00a0\u00a0 Zebranym go\u015bciom \u017cyczenia \u015bwi\u0105teczne z\u0142o\u017cyli W\u00f3jt Gminy \u0141\u0105czna pan Romuald Kowali\u0144ski,\u00a0 Dyrektor Gminnej Biblioteki w \u0141\u0105cznej Pani Beata Ko\u0142da , kierownik Gminnego O\u015brodka Pomocy Spo\u0142ecznej w \u0141\u0105cznej Pani Monika Marcisz.\u00a0 Dzieci z Zespo\u0142u Szkolno-Przedszkolnego w \u0141\u0105cznej wyst\u0105pi\u0142y z programem artystycznym, a harcerze przekazali betlejemskie \u015bwiate\u0142ko pokoju. Nast\u0119pnie wikariusz parafii \u0141\u0105czna odczyta\u0142 ewangeli\u0119 o narodzeniu Jezusa oraz z\u0142o\u017cy\u0142 \u017cyczenia z okazji nadchodz\u0105cych \u015awi\u0105t Bo\u017cego Narodzenia. Po cz\u0119\u015bci oficjalnej wszyscy zgromadzeni podzielili si\u0119 op\u0142atkiem i z\u0142o\u017cyli sobie \u017cyczenia \u015bwi\u0105teczno-noworoczne.<\/p><p>\u00a0\u00a0\u00a0\u00a0\u00a0\u00a0\u00a0\u00a0\u00a0\u00a0\u00a0 Zorganizowana Wigilia by\u0142a dla wielu os\u00f3b mo\u017cliwo\u015bci\u0105 spotkania dawno niewidzianych znajomych, przyjaci\u00f3\u0142, s\u0105siad\u00f3w. \u015awi\u0105teczna atmosfera udzieli\u0142a si\u0119 wszystkim uczestnikom,<br \/>a wsp\u00f3lne \u015bpiewanie kol\u0119d i pastora\u0142ek wprowadzi\u0142o zgromadzonych w nastr\u00f3j \u015bwi\u0105teczny.<\/p><p>\u00a0<\/p><p>\u00a0\u00a0\u00a0\u00a0\u00a0\u00a0\u00a0\u00a0\u00a0\u00a0\u00a0 Serdeczne podzi\u0119kowania kierujemy wszystkim zaanga\u017cowanym w organizacje tego \u015bwi\u0105tecznego spotkania.<\/p>\t\t\t\t\t\t\t\t<\/div>\n\t\t\t\t<\/div>\n\t\t\t\t\t<\/div>\n\t\t<\/div>\n\t\t\t\t\t<\/div>\n\t\t<\/section>\n\t\t\t\t<section class=\"elementor-section elementor-top-section elementor-element elementor-element-d825826 elementor-section-boxed elementor-section-height-default elementor-section-height-default\" data-id=\"d825826\" data-element_type=\"section\">\n\t\t\t\t\t\t<div class=\"elementor-container elementor-column-gap-default\">\n\t\t\t\t\t<div class=\"elementor-column elementor-col-100 elementor-top-column elementor-element elementor-element-b5594cc\" data-id=\"b5594cc\" data-element_type=\"column\">\n\t\t\t<div class=\"elementor-widget-wrap elementor-element-populated\">\n\t\t\t\t\t\t<div class=\"elementor-element elementor-element-a943b1d elementor-arrows-position-inside elementor-pagination-position-outside elementor-widget elementor-widget-image-carousel\" data-id=\"a943b1d\" data-element_type=\"widget\" data-settings=\"{&quot;navigation&quot;:&quot;both&quot;,&quot;autoplay&quot;:&quot;yes&quot;,&quot;pause_on_hover&quot;:&quot;yes&quot;,&quot;pause_on_interaction&quot;:&quot;yes&quot;,&quot;autoplay_speed&quot;:5000,&quot;infinite&quot;:&quot;yes&quot;,&quot;speed&quot;:500}\" data-widget_type=\"image-carousel.default\">\n\t\t\t\t<div class=\"elementor-widget-container\">\n\t\t\t\t\t\t\t<div class=\"elementor-image-carousel-wrapper swiper\" role=\"region\" aria-roledescription=\"carousel\" aria-label=\"Karuzela obrazk\u00f3w\" dir=\"ltr\">\n\t\t\t<div class=\"elementor-image-carousel swiper-wrapper\" aria-live=\"off\">\n\t\t\t\t\t\t\t\t<div class=\"swiper-slide\" role=\"group\" aria-roledescription=\"slide\" aria-label=\"1 z 11\"><figure class=\"swiper-slide-inner\"><img decoding=\"async\" class=\"swiper-slide-image\" src=\"https:\/\/opslaczna.pl\/wp-content\/uploads\/2023\/12\/1113361153555751350-150x150.jpg\" alt=\"-1113361153555751350\" \/><\/figure><\/div><div class=\"swiper-slide\" role=\"group\" aria-roledescription=\"slide\" aria-label=\"2 z 11\"><figure class=\"swiper-slide-inner\"><img decoding=\"async\" class=\"swiper-slide-image\" src=\"https:\/\/opslaczna.pl\/wp-content\/uploads\/2023\/12\/1646240310245133838-150x150.jpg\" alt=\"1646240310245133838\" \/><\/figure><\/div><div class=\"swiper-slide\" role=\"group\" aria-roledescription=\"slide\" aria-label=\"3 z 11\"><figure class=\"swiper-slide-inner\"><img decoding=\"async\" class=\"swiper-slide-image\" src=\"https:\/\/opslaczna.pl\/wp-content\/uploads\/2023\/12\/facebook_1703150088937_7143529230631931428-150x150.jpg\" alt=\"facebook_1703150088937_7143529230631931428\" \/><\/figure><\/div><div class=\"swiper-slide\" role=\"group\" aria-roledescription=\"slide\" aria-label=\"4 z 11\"><figure class=\"swiper-slide-inner\"><img decoding=\"async\" class=\"swiper-slide-image\" src=\"https:\/\/opslaczna.pl\/wp-content\/uploads\/2023\/12\/facebook_1703150118999_7143529356720109884-150x150.jpg\" alt=\"facebook_1703150118999_7143529356720109884\" \/><\/figure><\/div><div class=\"swiper-slide\" role=\"group\" aria-roledescription=\"slide\" aria-label=\"5 z 11\"><figure class=\"swiper-slide-inner\"><img decoding=\"async\" class=\"swiper-slide-image\" src=\"https:\/\/opslaczna.pl\/wp-content\/uploads\/2023\/12\/facebook_1703150151913_7143529494773269531-150x150.jpg\" alt=\"facebook_1703150151913_7143529494773269531\" \/><\/figure><\/div><div class=\"swiper-slide\" role=\"group\" aria-roledescription=\"slide\" aria-label=\"6 z 11\"><figure class=\"swiper-slide-inner\"><img decoding=\"async\" class=\"swiper-slide-image\" src=\"https:\/\/opslaczna.pl\/wp-content\/uploads\/2023\/12\/facebook_1703150167884_7143529561759418162-150x150.jpg\" alt=\"facebook_1703150167884_7143529561759418162\" \/><\/figure><\/div><div class=\"swiper-slide\" role=\"group\" aria-roledescription=\"slide\" aria-label=\"7 z 11\"><figure class=\"swiper-slide-inner\"><img decoding=\"async\" class=\"swiper-slide-image\" src=\"https:\/\/opslaczna.pl\/wp-content\/uploads\/2023\/12\/facebook_1703150185306_7143529634830380820-150x150.jpg\" alt=\"facebook_1703150185306_7143529634830380820\" \/><\/figure><\/div><div class=\"swiper-slide\" role=\"group\" aria-roledescription=\"slide\" aria-label=\"8 z 11\"><figure class=\"swiper-slide-inner\"><img decoding=\"async\" class=\"swiper-slide-image\" src=\"https:\/\/opslaczna.pl\/wp-content\/uploads\/2023\/12\/facebook_1703150202312_7143529706164789208-150x150.jpg\" alt=\"facebook_1703150202312_7143529706164789208\" \/><\/figure><\/div><div class=\"swiper-slide\" role=\"group\" aria-roledescription=\"slide\" aria-label=\"9 z 11\"><figure class=\"swiper-slide-inner\"><img decoding=\"async\" class=\"swiper-slide-image\" src=\"https:\/\/opslaczna.pl\/wp-content\/uploads\/2023\/12\/facebook_1703150227602_7143529812233079827-150x150.jpg\" alt=\"facebook_1703150227602_7143529812233079827\" \/><\/figure><\/div><div class=\"swiper-slide\" role=\"group\" aria-roledescription=\"slide\" aria-label=\"10 z 11\"><figure class=\"swiper-slide-inner\"><img decoding=\"async\" class=\"swiper-slide-image\" src=\"https:\/\/opslaczna.pl\/wp-content\/uploads\/2023\/12\/facebook_1703150250796_7143529909515563680-150x150.jpg\" alt=\"facebook_1703150250796_7143529909515563680\" \/><\/figure><\/div><div class=\"swiper-slide\" role=\"group\" aria-roledescription=\"slide\" aria-label=\"11 z 11\"><figure class=\"swiper-slide-inner\"><img decoding=\"async\" class=\"swiper-slide-image\" src=\"https:\/\/opslaczna.pl\/wp-content\/uploads\/2023\/12\/facebook_1703150269151_7143529986503400393-150x150.jpg\" alt=\"facebook_1703150269151_7143529986503400393\" \/><\/figure><\/div>\t\t\t<\/div>\n\t\t\t\t\t\t\t\t\t\t\t\t<div class=\"elementor-swiper-button elementor-swiper-button-prev\" role=\"button\" tabindex=\"0\">\n\t\t\t\t\t\t<i aria-hidden=\"true\" class=\"eicon-chevron-left\"><\/i>\t\t\t\t\t<\/div>\n\t\t\t\t\t<div class=\"elementor-swiper-button elementor-swiper-button-next\" role=\"button\" tabindex=\"0\">\n\t\t\t\t\t\t<i aria-hidden=\"true\" class=\"eicon-chevron-right\"><\/i>\t\t\t\t\t<\/div>\n\t\t\t\t\n\t\t\t\t\t\t\t\t\t<div class=\"swiper-pagination\"><\/div>\n\t\t\t\t\t\t\t\t\t<\/div>\n\t\t\t\t\t\t<\/div>\n\t\t\t\t<\/div>\n\t\t\t\t\t<\/div>\n\t\t<\/div>\n\t\t\t\t\t<\/div>\n\t\t<\/section>\n\t\t\t\t<\/div>\n\t\t","protected":false},"excerpt":{"rendered":"<p>\u00a0\u00a0\u00a0\u00a0\u00a0\u00a0\u00a0\u00a0\u00a0\u00a0\u00a0 W dniu 19.12.2023 roku w Gminnej Bibliotece publicznej w \u0141\u0105cznej odby\u0142o si\u0119 spotkanie wigilijne dla os\u00f3b samotnych i starszych z terenu Gminy \u0141\u0105czna. Organizatorami spotkania wigilijnego by\u0142 Gminny O\u015brodek Pomocy Spo\u0142ecznej w \u0141\u0105cznej oraz Gminna Biblioteka w \u0141\u0105cznej. W spotkaniu wigilijnym uczestniczy\u0142y w\u0142adze Gminy,\u00a0 W\u00f3jt Gminy \u0141\u0105czna Pan Romuald Kowali\u0144ski, radni i so\u0142tysi, dzieci &hellip; <\/p>\n","protected":false},"author":2,"featured_media":0,"comment_status":"closed","ping_status":"","sticky":false,"template":"","format":"standard","meta":{"footnotes":""},"categories":[2],"tags":[],"class_list":["post-1109","post","type-post","status-publish","format-standard","hentry","category-aktualnosci"],"_links":{"self":[{"href":"https:\/\/opslaczna.pl\/index.php?rest_route=\/wp\/v2\/posts\/1109","targetHints":{"allow":["GET"]}}],"collection":[{"href":"https:\/\/opslaczna.pl\/index.php?rest_route=\/wp\/v2\/posts"}],"about":[{"href":"https:\/\/opslaczna.pl\/index.php?rest_route=\/wp\/v2\/types\/post"}],"author":[{"embeddable":true,"href":"https:\/\/opslaczna.pl\/index.php?rest_route=\/wp\/v2\/users\/2"}],"replies":[{"embeddable":true,"href":"https:\/\/opslaczna.pl\/index.php?rest_route=%2Fwp%2Fv2%2Fcomments&post=1109"}],"version-history":[{"count":13,"href":"https:\/\/opslaczna.pl\/index.php?rest_route=\/wp\/v2\/posts\/1109\/revisions"}],"predecessor-version":[{"id":1134,"href":"https:\/\/opslaczna.pl\/index.php?rest_route=\/wp\/v2\/posts\/1109\/revisions\/1134"}],"wp:attachment":[{"href":"https:\/\/opslaczna.pl\/index.php?rest_route=%2Fwp%2Fv2%2Fmedia&parent=1109"}],"wp:term":[{"taxonomy":"category","embeddable":true,"href":"https:\/\/opslaczna.pl\/index.php?rest_route=%2Fwp%2Fv2%2Fcategories&post=1109"},{"taxonomy":"post_tag","embeddable":true,"href":"https:\/\/opslaczna.pl\/index.php?rest_route=%2Fwp%2Fv2%2Ftags&post=1109"}],"curies":[{"name":"wp","href":"https:\/\/api.w.org\/{rel}","templated":true}]}}