{"id":1102,"date":"2023-12-21T08:39:21","date_gmt":"2023-12-21T08:39:21","guid":{"rendered":"http:\/\/laczna2.opslaczna.pl\/?p=1102"},"modified":"2023-12-21T08:42:38","modified_gmt":"2023-12-21T08:42:38","slug":"podziekowania","status":"publish","type":"post","link":"https:\/\/opslaczna.pl\/?p=1102","title":{"rendered":"Podzi\u0119kowania"},"content":{"rendered":"\t\t<div data-elementor-type=\"wp-post\" data-elementor-id=\"1102\" class=\"elementor elementor-1102\">\n\t\t\t\t\t\t<section class=\"elementor-section elementor-top-section elementor-element elementor-element-dbaddb5 elementor-section-boxed elementor-section-height-default elementor-section-height-default\" data-id=\"dbaddb5\" data-element_type=\"section\">\n\t\t\t\t\t\t<div class=\"elementor-container elementor-column-gap-default\">\n\t\t\t\t\t<div class=\"elementor-column elementor-col-100 elementor-top-column elementor-element elementor-element-d90d3e0\" data-id=\"d90d3e0\" data-element_type=\"column\">\n\t\t\t<div class=\"elementor-widget-wrap elementor-element-populated\">\n\t\t\t\t\t\t<div class=\"elementor-element elementor-element-f0a4303 elementor-widget elementor-widget-text-editor\" data-id=\"f0a4303\" data-element_type=\"widget\" data-widget_type=\"text-editor.default\">\n\t\t\t\t<div class=\"elementor-widget-container\">\n\t\t\t\t\t\t\t\t\t<p style=\"text-align: center;\"><span style=\"color: #ff0000;\"><strong>\u00a0\u00a0\u00a0\u00a0 <em>PODZI\u0118KOWANIA<\/em><\/strong><\/span><\/p><p><strong>\u00a0<\/strong><strong>\u00a0\u00a0\u00a0\u00a0\u00a0\u00a0\u00a0\u00a0\u00a0\u00a0\u00a0 Gminny O\u015brodek Pomocy Spo\u0142ecznej w \u0141\u0105cznej serdecznie dzi\u0119kuje <span style=\"color: #ff0000;\">Kibicom Korony Kielce FC P\u00f3\u0142noc<\/span> za przekazanie paczek \u015bwi\u0105tecznych dla dzieci z Gminy \u0141\u0105czna w ramach organizowanej przez nich akcji \u201eMiko\u0142aj jest z P\u00f3\u0142nocy\u201d.<\/strong><\/p><p><strong>\u00a0\u00a0\u00a0\u00a0\u00a0\u00a0\u00a0\u00a0\u00a0\u00a0\u00a0 Jest nam niezmiernie mi\u0142o, \u017ce nasza Gmina zosta\u0142a wyr\u00f3\u017cniona i w tym roku po raz pierwszy uczestniczyli\u015bmy w tej szlachetnej akcji.\u00a0 Przekazane paczki by\u0142y dla wszystkich wielk\u0105 niespodziank\u0105 i rado\u015bci\u0105, o czym \u015bwiadczy\u0142y \u0142zy wzruszenia i u\u015bmiechy na twarzy.<\/strong><\/p><p style=\"text-align: center;\"><span style=\"color: #000000;\"><strong>\u00a0\u00a0\u00a0\u00a0\u00a0\u00a0\u00a0\u00a0\u00a0\u00a0\u00a0 <u>JESZCZE RAZ DZI\u0118KUJEMY!<\/u><\/strong><\/span><\/p>\t\t\t\t\t\t\t\t<\/div>\n\t\t\t\t<\/div>\n\t\t\t\t\t<\/div>\n\t\t<\/div>\n\t\t\t\t\t<\/div>\n\t\t<\/section>\n\t\t\t\t<section class=\"elementor-section elementor-top-section elementor-element elementor-element-2bee0ad elementor-section-boxed elementor-section-height-default elementor-section-height-default\" data-id=\"2bee0ad\" data-element_type=\"section\">\n\t\t\t\t\t\t<div class=\"elementor-container elementor-column-gap-default\">\n\t\t\t\t\t<div class=\"elementor-column elementor-col-100 elementor-top-column elementor-element elementor-element-4a4a3b5\" data-id=\"4a4a3b5\" data-element_type=\"column\">\n\t\t\t<div class=\"elementor-widget-wrap elementor-element-populated\">\n\t\t\t\t\t\t<div class=\"elementor-element elementor-element-265c87a elementor-widget elementor-widget-image\" data-id=\"265c87a\" data-element_type=\"widget\" data-widget_type=\"image.default\">\n\t\t\t\t<div class=\"elementor-widget-container\">\n\t\t\t\t\t\t\t\t\t\t\t\t\t\t\t<img decoding=\"async\" width=\"150\" height=\"150\" src=\"https:\/\/opslaczna.pl\/wp-content\/uploads\/2023\/12\/8386092269899824497-150x150.jpg\" class=\"attachment-thumbnail size-thumbnail wp-image-1104\" alt=\"\" srcset=\"https:\/\/opslaczna.pl\/wp-content\/uploads\/2023\/12\/8386092269899824497-150x150.jpg 150w, https:\/\/opslaczna.pl\/wp-content\/uploads\/2023\/12\/8386092269899824497-100x100.jpg 100w\" sizes=\"(max-width: 150px) 100vw, 150px\" \/>\t\t\t\t\t\t\t\t\t\t\t\t\t\t\t<\/div>\n\t\t\t\t<\/div>\n\t\t\t\t\t<\/div>\n\t\t<\/div>\n\t\t\t\t\t<\/div>\n\t\t<\/section>\n\t\t\t\t<section class=\"elementor-section elementor-top-section elementor-element elementor-element-88846a7 elementor-section-boxed elementor-section-height-default elementor-section-height-default\" data-id=\"88846a7\" data-element_type=\"section\">\n\t\t\t\t\t\t<div class=\"elementor-container elementor-column-gap-default\">\n\t\t\t\t\t<div class=\"elementor-column elementor-col-100 elementor-top-column elementor-element elementor-element-e07160a\" data-id=\"e07160a\" data-element_type=\"column\">\n\t\t\t<div class=\"elementor-widget-wrap elementor-element-populated\">\n\t\t\t\t\t\t<div class=\"elementor-element elementor-element-1bf88e5 elementor-widget elementor-widget-image\" data-id=\"1bf88e5\" data-element_type=\"widget\" data-widget_type=\"image.default\">\n\t\t\t\t<div class=\"elementor-widget-container\">\n\t\t\t\t\t\t\t\t\t\t\t\t\t\t\t<img fetchpriority=\"high\" decoding=\"async\" width=\"780\" height=\"348\" src=\"https:\/\/opslaczna.pl\/wp-content\/uploads\/2023\/12\/IMG_20231221_092601-1024x457.jpg\" class=\"attachment-large size-large wp-image-1105\" alt=\"\" srcset=\"https:\/\/opslaczna.pl\/wp-content\/uploads\/2023\/12\/IMG_20231221_092601-1024x457.jpg 1024w, https:\/\/opslaczna.pl\/wp-content\/uploads\/2023\/12\/IMG_20231221_092601-300x134.jpg 300w, https:\/\/opslaczna.pl\/wp-content\/uploads\/2023\/12\/IMG_20231221_092601-768x342.jpg 768w, https:\/\/opslaczna.pl\/wp-content\/uploads\/2023\/12\/IMG_20231221_092601-1536x685.jpg 1536w, https:\/\/opslaczna.pl\/wp-content\/uploads\/2023\/12\/IMG_20231221_092601.jpg 1680w\" sizes=\"(max-width: 780px) 100vw, 780px\" \/>\t\t\t\t\t\t\t\t\t\t\t\t\t\t\t<\/div>\n\t\t\t\t<\/div>\n\t\t\t\t\t<\/div>\n\t\t<\/div>\n\t\t\t\t\t<\/div>\n\t\t<\/section>\n\t\t\t\t<\/div>\n\t\t","protected":false},"excerpt":{"rendered":"<p>\u00a0\u00a0\u00a0\u00a0 PODZI\u0118KOWANIA \u00a0\u00a0\u00a0\u00a0\u00a0\u00a0\u00a0\u00a0\u00a0\u00a0\u00a0\u00a0 Gminny O\u015brodek Pomocy Spo\u0142ecznej w \u0141\u0105cznej serdecznie dzi\u0119kuje Kibicom Korony Kielce FC P\u00f3\u0142noc za przekazanie paczek \u015bwi\u0105tecznych dla dzieci z Gminy \u0141\u0105czna w ramach organizowanej przez nich akcji \u201eMiko\u0142aj jest z P\u00f3\u0142nocy\u201d. \u00a0\u00a0\u00a0\u00a0\u00a0\u00a0\u00a0\u00a0\u00a0\u00a0\u00a0 Jest nam niezmiernie mi\u0142o, \u017ce nasza Gmina zosta\u0142a wyr\u00f3\u017cniona i w tym roku po raz pierwszy uczestniczyli\u015bmy w tej &hellip; <\/p>\n","protected":false},"author":2,"featured_media":0,"comment_status":"closed","ping_status":"","sticky":false,"template":"","format":"standard","meta":{"footnotes":""},"categories":[2],"tags":[],"class_list":["post-1102","post","type-post","status-publish","format-standard","hentry","category-aktualnosci"],"_links":{"self":[{"href":"https:\/\/opslaczna.pl\/index.php?rest_route=\/wp\/v2\/posts\/1102","targetHints":{"allow":["GET"]}}],"collection":[{"href":"https:\/\/opslaczna.pl\/index.php?rest_route=\/wp\/v2\/posts"}],"about":[{"href":"https:\/\/opslaczna.pl\/index.php?rest_route=\/wp\/v2\/types\/post"}],"author":[{"embeddable":true,"href":"https:\/\/opslaczna.pl\/index.php?rest_route=\/wp\/v2\/users\/2"}],"replies":[{"embeddable":true,"href":"https:\/\/opslaczna.pl\/index.php?rest_route=%2Fwp%2Fv2%2Fcomments&post=1102"}],"version-history":[{"count":4,"href":"https:\/\/opslaczna.pl\/index.php?rest_route=\/wp\/v2\/posts\/1102\/revisions"}],"predecessor-version":[{"id":1108,"href":"https:\/\/opslaczna.pl\/index.php?rest_route=\/wp\/v2\/posts\/1102\/revisions\/1108"}],"wp:attachment":[{"href":"https:\/\/opslaczna.pl\/index.php?rest_route=%2Fwp%2Fv2%2Fmedia&parent=1102"}],"wp:term":[{"taxonomy":"category","embeddable":true,"href":"https:\/\/opslaczna.pl\/index.php?rest_route=%2Fwp%2Fv2%2Fcategories&post=1102"},{"taxonomy":"post_tag","embeddable":true,"href":"https:\/\/opslaczna.pl\/index.php?rest_route=%2Fwp%2Fv2%2Ftags&post=1102"}],"curies":[{"name":"wp","href":"https:\/\/api.w.org\/{rel}","templated":true}]}}