{"id":1059,"date":"2023-08-28T09:45:32","date_gmt":"2023-08-28T09:45:32","guid":{"rendered":"http:\/\/laczna2.opslaczna.pl\/?p=1059"},"modified":"2023-08-28T09:47:46","modified_gmt":"2023-08-28T09:47:46","slug":"informacja-11","status":"publish","type":"post","link":"https:\/\/opslaczna.pl\/?p=1059","title":{"rendered":"Informacja"},"content":{"rendered":"\t\t<div data-elementor-type=\"wp-post\" data-elementor-id=\"1059\" class=\"elementor elementor-1059\">\n\t\t\t\t\t\t<section class=\"elementor-section elementor-top-section elementor-element elementor-element-2492623 elementor-section-boxed elementor-section-height-default elementor-section-height-default\" data-id=\"2492623\" data-element_type=\"section\">\n\t\t\t\t\t\t<div class=\"elementor-container elementor-column-gap-default\">\n\t\t\t\t\t<div class=\"elementor-column elementor-col-100 elementor-top-column elementor-element elementor-element-a232f98\" data-id=\"a232f98\" data-element_type=\"column\">\n\t\t\t<div class=\"elementor-widget-wrap elementor-element-populated\">\n\t\t\t\t\t\t<div class=\"elementor-element elementor-element-9e50651 elementor-widget elementor-widget-text-editor\" data-id=\"9e50651\" data-element_type=\"widget\" data-widget_type=\"text-editor.default\">\n\t\t\t\t<div class=\"elementor-widget-container\">\n\t\t\t\t\t\t\t\t\t<h2 class=\"western\" style=\"text-align: center;\"><strong>INFORMACJA DLA MIESZKA\u0143C\u00d3W GMINY \u0141\u0104CZNA<\/strong><\/h2><h2 class=\"western\">Gminny O\u015brodek Pomocy Spo\u0142ecznej w \u0141\u0105cznej informuje, \u017ce rozpocz\u0105\u0142 si\u0119 nab\u00f3r wniosk\u00f3w w ramach programu resortowego Ministra Rodziny i Polityki Spo\u0142ecznej &#8222;Asystent osobisty osoby z niepe\u0142nosprawno\u015bci\u0105\u201d dla Jednostek Samorz\u0105du Terytorialnego edycja 2024<\/h2><p>\u00a0<\/p><p>G\u0142\u00f3wnym celem Programu jest wprowadzenie us\u0142ug asystencji osobistej jako formy og\u00f3lnodost\u0119pnego wsparcia w wykonywaniu codziennych czynno\u015bci oraz funkcjonowaniu w \u017cyciu spo\u0142ecznym os\u00f3b niepe\u0142nosprawnych.<\/p><p>Adresatami Programu s\u0105:<\/p><ol><li><p>dzieci do uko\u0144czenia 16. roku \u017cycia posiadaj\u0105ce orzeczenie o niepe\u0142nosprawno\u015bci \u0142\u0105cznie ze wskazaniami w pkt 7 i 8 w orzeczeniu o niepe\u0142nosprawno\u015bci \u2013 konieczno\u015bci sta\u0142ej lub d\u0142ugotrwa\u0142ej opieki lub pomocy innej osoby w zwi\u0105zku ze znacznie ograniczon\u0105 mo\u017cliwo\u015bci\u0105 samodzielnej egzystencji oraz konieczno\u015bci sta\u0142ego wsp\u00f3\u0142udzia\u0142u na co dzie\u0144 opiekuna dziecka w procesie jego leczenia, rehabilitacji i edukacji oraz<\/p><\/li><li><p>osoby z niepe\u0142nosprawno\u015bciami posiadaj\u0105ce orzeczenie:<br \/>a) o znacznym stopniu niepe\u0142nosprawno\u015bci albo<br \/>b) o umiarkowanym stopniu niepe\u0142nosprawno\u015bci albo<br \/>c) traktowane na r\u00f3wni z orzeczeniami wymienionymi w lit. a i b, zgodnie z art. 5 i art. 62 ustawy z dnia 27 sierpnia 1997 r. o rehabilitacji zawodowej i spo\u0142ecznej oraz zatrudnianiu os\u00f3b niepe\u0142nosprawnych.<\/p><\/li><\/ol><p>Na realizacj\u0119 Programu Minister Rodziny i Polityki Spo\u0142ecznej przeznaczy\u0142 <strong>kwot\u0119 505 000 000,00 z\u0142.<\/strong><\/p><p><span style=\"font-family: Source Sans Pro, Arial, Tahoma, sans-serif;\"><span style=\"font-size: small;\"><b>Osoby zainteresowane wzi\u0119ciem udzia\u0142u w programie mog\u0105 zg\u0142asza\u0107 si\u0119 osobi\u015bcie do GOPS w \u0141\u0105cznej Kamionki 60, lub\u00a0 telefonicznie od poniedzia\u0142ku do pi\u0105tku w godz. 7.30-15.00, pod numerem 41 25-48-479 , jak\u00a0r\u00f3wnie\u017c pod adres email: <a href=\"mailto:gopslaczna@hot.pl\">gopslaczna@hot.pl<\/a> <\/b><\/span><\/span><\/p><p><strong>\u00a0<\/strong><span style=\"font-family: Source Sans Pro, Arial, Tahoma, sans-serif;\"><span style=\"font-size: small;\"><u><b>Zg\u0142oszenia przyjmujemy<\/b><\/u><\/span><\/span><strong><span style=\"font-family: Source Sans Pro, Arial, Tahoma, sans-serif;\"><span style=\"font-size: small;\"><u>\u00a0<\/u><\/span><\/span><\/strong><span style=\"font-family: Source Sans Pro, Arial, Tahoma, sans-serif;\"><span style=\"font-size: small;\"><u><b>do dnia 11.09.2023r<\/b><\/u><\/span><\/span><\/p><p><span style=\"color: #000000;\"><span style=\"font-family: arial, helvetica, sans-serif;\"><span style=\"font-size: small;\"><b>Zebrane informacje pos\u0142u\u017c\u0105 do ustalenia zapotrzebowania na tego typu us\u0142ug\u0119 w\u00a0roku 2024i\u00a0aplikowanie o\u00a0\u015brodki finansowe na realizacj\u0119 Programu \u201eAsystent osobisty osoby niepe\u0142nosprawnej\u201d edycja 2024<\/b><\/span><\/span><\/span><span style=\"color: #000000;\"><span style=\"font-family: Source Sans Pro, Arial, Tahoma, sans-serif;\"><span style=\"font-size: small;\"><b>.<\/b><\/span><\/span><\/span><\/p>\t\t\t\t\t\t\t\t<\/div>\n\t\t\t\t<\/div>\n\t\t\t\t\t<\/div>\n\t\t<\/div>\n\t\t\t\t\t<\/div>\n\t\t<\/section>\n\t\t\t\t<\/div>\n\t\t","protected":false},"excerpt":{"rendered":"<p>INFORMACJA DLA MIESZKA\u0143C\u00d3W GMINY \u0141\u0104CZNA Gminny O\u015brodek Pomocy Spo\u0142ecznej w \u0141\u0105cznej informuje, \u017ce rozpocz\u0105\u0142 si\u0119 nab\u00f3r wniosk\u00f3w w ramach programu resortowego Ministra Rodziny i Polityki Spo\u0142ecznej &#8222;Asystent osobisty osoby z niepe\u0142nosprawno\u015bci\u0105\u201d dla Jednostek Samorz\u0105du Terytorialnego edycja 2024 \u00a0 G\u0142\u00f3wnym celem Programu jest wprowadzenie us\u0142ug asystencji osobistej jako formy og\u00f3lnodost\u0119pnego wsparcia w wykonywaniu codziennych czynno\u015bci oraz &hellip; <\/p>\n","protected":false},"author":2,"featured_media":0,"comment_status":"closed","ping_status":"","sticky":false,"template":"","format":"standard","meta":{"footnotes":""},"categories":[2],"tags":[],"class_list":["post-1059","post","type-post","status-publish","format-standard","hentry","category-aktualnosci"],"_links":{"self":[{"href":"https:\/\/opslaczna.pl\/index.php?rest_route=\/wp\/v2\/posts\/1059","targetHints":{"allow":["GET"]}}],"collection":[{"href":"https:\/\/opslaczna.pl\/index.php?rest_route=\/wp\/v2\/posts"}],"about":[{"href":"https:\/\/opslaczna.pl\/index.php?rest_route=\/wp\/v2\/types\/post"}],"author":[{"embeddable":true,"href":"https:\/\/opslaczna.pl\/index.php?rest_route=\/wp\/v2\/users\/2"}],"replies":[{"embeddable":true,"href":"https:\/\/opslaczna.pl\/index.php?rest_route=%2Fwp%2Fv2%2Fcomments&post=1059"}],"version-history":[{"count":7,"href":"https:\/\/opslaczna.pl\/index.php?rest_route=\/wp\/v2\/posts\/1059\/revisions"}],"predecessor-version":[{"id":1066,"href":"https:\/\/opslaczna.pl\/index.php?rest_route=\/wp\/v2\/posts\/1059\/revisions\/1066"}],"wp:attachment":[{"href":"https:\/\/opslaczna.pl\/index.php?rest_route=%2Fwp%2Fv2%2Fmedia&parent=1059"}],"wp:term":[{"taxonomy":"category","embeddable":true,"href":"https:\/\/opslaczna.pl\/index.php?rest_route=%2Fwp%2Fv2%2Fcategories&post=1059"},{"taxonomy":"post_tag","embeddable":true,"href":"https:\/\/opslaczna.pl\/index.php?rest_route=%2Fwp%2Fv2%2Ftags&post=1059"}],"curies":[{"name":"wp","href":"https:\/\/api.w.org\/{rel}","templated":true}]}}